{"id":1229,"date":"2021-07-15T12:05:13","date_gmt":"2021-07-15T11:05:13","guid":{"rendered":"https:\/\/wp.omeuimo.pt\/imoexpansao\/?p=1229"},"modified":"2022-02-25T12:23:27","modified_gmt":"2022-02-25T12:23:27","slug":"imoexpansao-no-programa-dez-e-10","status":"publish","type":"post","link":"https:\/\/wp.omeuimo.pt\/imoexpansao\/imoexpansao-no-programa-dez-e-10\/","title":{"rendered":"Imoexpans\u00e3o no Programa \u201cDez e 10\u201d"},"content":{"rendered":"<h3>Imoexpans\u00e3o no &#8220;Dez e 10&#8221;, porque o debate de ideias ajuda a tomar decis\u00f5es mais esclarecidas e consensuais.<\/h3>\n<p>&nbsp;<\/p>\n<p>Ana Machado <a href=\"https:\/\/www.facebook.com\/deze10\/videos\/333519575104603\/\" target=\"_blank\" rel=\"noopener\">fala sobre o imobili\u00e1rio no concelho da Figueira da Foz<\/a> e do que espera do futuro Presidente da C\u00e2mara que saia das elei\u00e7\u00f5es de 2021.<\/p>\n","protected":false},"excerpt":{"rendered":"<p>Imoexpans\u00e3o no &#8220;Dez e 10&#8221;, porque o debate de ideias ajuda a tomar decis\u00f5es mais esclarecidas e consensuais. &nbsp; Ana Machado fala sobre o imobili\u00e1rio no concelho da Figueira da Foz e do que espera do futuro Presidente da C\u00e2mara que saia das elei\u00e7\u00f5es de 2021.<\/p>\n","protected":false},"author":2,"featured_media":1228,"comment_status":"open","ping_status":"open","sticky":false,"template":"","format":"standard","meta":{"footnotes":""},"categories":[4],"tags":[],"class_list":["post-1229","post","type-post","status-publish","format-standard","has-post-thumbnail","hentry","category-diversos"],"yoast_meta":{"yoast_wpseo_title":"","yoast_wpseo_metadesc":"","yoast_wpseo_canonical":""},"_links":{"self":[{"href":"https:\/\/wp.omeuimo.pt\/imoexpansao\/wp-json\/wp\/v2\/posts\/1229","targetHints":{"allow":["GET"]}}],"collection":[{"href":"https:\/\/wp.omeuimo.pt\/imoexpansao\/wp-json\/wp\/v2\/posts"}],"about":[{"href":"https:\/\/wp.omeuimo.pt\/imoexpansao\/wp-json\/wp\/v2\/types\/post"}],"author":[{"embeddable":true,"href":"https:\/\/wp.omeuimo.pt\/imoexpansao\/wp-json\/wp\/v2\/users\/2"}],"replies":[{"embeddable":true,"href":"https:\/\/wp.omeuimo.pt\/imoexpansao\/wp-json\/wp\/v2\/comments?post=1229"}],"version-history":[{"count":2,"href":"https:\/\/wp.omeuimo.pt\/imoexpansao\/wp-json\/wp\/v2\/posts\/1229\/revisions"}],"predecessor-version":[{"id":2201,"href":"https:\/\/wp.omeuimo.pt\/imoexpansao\/wp-json\/wp\/v2\/posts\/1229\/revisions\/2201"}],"wp:featuredmedia":[{"embeddable":true,"href":"https:\/\/wp.omeuimo.pt\/imoexpansao\/wp-json\/wp\/v2\/media\/1228"}],"wp:attachment":[{"href":"https:\/\/wp.omeuimo.pt\/imoexpansao\/wp-json\/wp\/v2\/media?parent=1229"}],"wp:term":[{"taxonomy":"category","embeddable":true,"href":"https:\/\/wp.omeuimo.pt\/imoexpansao\/wp-json\/wp\/v2\/categories?post=1229"},{"taxonomy":"post_tag","embeddable":true,"href":"https:\/\/wp.omeuimo.pt\/imoexpansao\/wp-json\/wp\/v2\/tags?post=1229"}],"curies":[{"name":"wp","href":"https:\/\/api.w.org\/{rel}","templated":true}]}}