{"id":3091,"date":"2023-01-22T13:30:00","date_gmt":"2023-01-22T13:30:00","guid":{"rendered":"https:\/\/wp.omeuimo.pt\/imoexpansao\/?p=3091"},"modified":"2023-01-20T15:50:22","modified_gmt":"2023-01-20T15:50:22","slug":"para-a-transicao-ecologica-todas-as-vozes-contam","status":"publish","type":"post","link":"https:\/\/wp.omeuimo.pt\/imoexpansao\/para-a-transicao-ecologica-todas-as-vozes-contam\/","title":{"rendered":"Para a transi\u00e7\u00e3o ecol\u00f3gica todas as Vozes contam!"},"content":{"rendered":"<p style=\"text-align: justify\">No momento presente, estejamos no Norte ou no Sul, no Este ou no Oeste, n\u00e3o podemos mais continuar a ignorar a necessidade de mudan\u00e7a transformadora das nossas formas de organiza\u00e7\u00e3o social face \u00e0 crise global que vivemos, onde as altera\u00e7\u00f5es clim\u00e1ticas, a perda de biodiversidade, as guerras e as migra\u00e7\u00f5es em massa s\u00e3o cada vez mais banais e tendem a ser invisibilizadas ao ponto de s\u00f3 quem as vive parecer ser afectado por estes fen\u00f3menos. A todos os outros apresenta-se como algo distante que parece n\u00e3o os afetar.<\/p>\n<p style=\"text-align: justify\">Reconhecendo essa situa\u00e7\u00e3o e sendo pressionada a fazer algo, a Uni\u00e3o Europeia lan\u00e7a um novo pacto para facilitar e promover as mudan\u00e7as necess\u00e1rias. <strong>O Pacto Ecol\u00f3gico Europeu, conhecido como Green Deal, apresenta-se como uma estrat\u00e9gia que procura implementar a transi\u00e7\u00e3o ecol\u00f3gica para uma europa mais sustent\u00e1vel, mais verde e que proporcione e assegure futuros \u00e0s gera\u00e7\u00f5es vindouras<\/strong>. Ou seja, pressup\u00f5e a transforma\u00e7\u00e3o dos modos de vida que nos conduziram a esta insustentabilidade da vida humana na terra. Mas ao mesmo tempo e aparentemente em contradi\u00e7\u00e3o, centra-se na miss\u00e3o de salvar as institui\u00e7\u00f5es que nos guiaram at\u00e9 aqui, salvar o capitalismo de uma morte anunciada, ao mesmo tempo que procura combater as altera\u00e7\u00f5es clim\u00e1ticas, a perda de biodiversidade, as extin\u00e7\u00f5es em massa. Ser\u00e1 poss\u00edvel articular movimentos em direc\u00e7\u00f5es opostas? Como compatibilizar diferentes posi\u00e7\u00f5es, diferentes interesses, diferentes atores?<\/p>\n<p style=\"text-align: justify\"><strong>Um dos grandes desafios \u00e9<\/strong>, simultaneamente, <strong>encontrar respostas e solu\u00e7\u00f5es para os problemas e as crises contempor\u00e2neas que, mais do que meramente ecol\u00f3gicas, s\u00e3o sociais no sentido amplo e at\u00e9 civilizacionais<\/strong>. Respostas essas que permitam articular o que est\u00e1 desarticulado e nos permitam desenvolver estrat\u00e9gias de reconcilia\u00e7\u00e3o das sociedades com a natureza ou as naturezas expressas nos diversos territ\u00f3rios e geografias, com as suas diversidades biof\u00edsicas e culturais, as suas desigualdades, que nos exigem repensar os modelos sociais em que vivemos, numa forma interligada, interdependente e articulada. <strong>N\u00e3o deixar ningu\u00e9m para tr\u00e1s \u00e9 o desafio<\/strong>.<\/p>\n<p style=\"text-align: justify\">Assumir esta responsabilidade maior de dar voz aos diversos atores onde se incluem os elementos da natureza. <strong>Faz\u00ea-los ouvir ou faz\u00ea-los presentes, coloc\u00e1-los ao mesmo n\u00edvel ou at\u00e9 acima dos humanos, lan\u00e7a-nos perante o desafio maior de todos: refundar as rela\u00e7\u00f5es sociedades\/naturezas e ressignificar os seus la\u00e7os. Esta poder\u00e1 ser a esperan\u00e7a que precisamos para nos lan\u00e7ar na utopia de sistema de organiza\u00e7\u00e3o socio-ecol\u00f3gica verdadeiramente sustent\u00e1veis<\/strong>.<\/p>\n<p><img loading=\"lazy\" decoding=\"async\" class=\"alignleft size-full wp-image-3090\" style=\"padding: 10px\" src=\"https:\/\/wp.omeuimo.pt\/imoexpansao\/wp-content\/uploads\/sites\/3\/2023\/01\/Pedras-525-min.jpg\" alt=\"Apartamentos Figueira da Foz\" width=\"525\" height=\"501\" srcset=\"https:\/\/wp.omeuimo.pt\/imoexpansao\/wp-content\/uploads\/sites\/3\/2023\/01\/Pedras-525-min.jpg 525w, https:\/\/wp.omeuimo.pt\/imoexpansao\/wp-content\/uploads\/sites\/3\/2023\/01\/Pedras-525-min-300x286.jpg 300w\" sizes=\"auto, (max-width: 525px) 100vw, 525px\" \/><\/p>\n<p style=\"text-align: justify\">Estes e outros desafios socio-ecol\u00f3gicos contempor\u00e2neos s\u00f3 podem ser enfrentados por meio de novas formas de organiza\u00e7\u00e3o e participa\u00e7\u00e3o social, o que alguns projectos j\u00e1 est\u00e3o a desenvolver. Um desses projetos \u00e9 o PHOENIX (<a href=\"https:\/\/phoenix-horizon.eu\/\">https:\/\/phoenix-horizon.eu\/<\/a>) que procura promover a an\u00e1lise aprofundada de diferentes tipologias de inova\u00e7\u00e3o democr\u00e1tica em 11 pilotos distribu\u00eddos por 7 pa\u00edses (Portugal, Espanha, Fran\u00e7a, Isl\u00e2ndia, It\u00e1lia, Hungria, Est\u00f3nia). Com o PHOENIX, a maior expectativa reside na possibilidade de mudar os moldes tradicionais de participa\u00e7\u00e3o cidad\u00e3 rumo \u00e0 transi\u00e7\u00e3o ecol\u00f3gica, implementando uma pol\u00edtica transformadora baseada no conhecimento aprofundado das caracter\u00edsticas biof\u00edsicas e socio-econ\u00f3mico-culturais dos territ\u00f3rios que articule\/integre a pluralidade de saberes, poderes e posi\u00e7\u00f5es locais. <strong>S\u00f3 atrav\u00e9s desta combina\u00e7\u00e3o, com a participa\u00e7\u00e3o plena e efetiva das popula\u00e7\u00f5es e das suas diversidades, \u00e9 que \u00e9 poss\u00edvel assegurar uma transi\u00e7\u00e3o justa e equitativa tendo em vista um planeta sustent\u00e1vel para todos os elementos que habitam a \u201ccasa comum\u201d<\/strong>.<\/p>\n<p style=\"text-align: justify\">Este texto foi feito com a colabora\u00e7\u00e3o de Diogo Guedes Vidal, Soci\u00f3logo, Ec\u00f3logo e Investigador.<\/p>\n<h3 style=\"text-align: justify;font-size: 12px\">F\u00e1tima Alves, Professora Universit\u00e1ria e Soci\u00f3loga, in Di\u00e1rio As Beiras (07\/01\/2023)<\/h3>\n","protected":false},"excerpt":{"rendered":"<p>No momento presente, estejamos no Norte ou no Sul, no Este ou no Oeste, n\u00e3o podemos mais continuar a ignorar a necessidade de mudan\u00e7a transformadora das nossas formas de organiza\u00e7\u00e3o social face \u00e0 crise global que vivemos, onde as altera\u00e7\u00f5es clim\u00e1ticas, a perda de biodiversidade, as guerras e as migra\u00e7\u00f5es em massa s\u00e3o cada vez &hellip; <\/p>\n<p class=\"link-more\"><a href=\"https:\/\/wp.omeuimo.pt\/imoexpansao\/para-a-transicao-ecologica-todas-as-vozes-contam\/\" class=\"more-link\">Continuar a ler <span class=\"screen-reader-text\">&#8220;Para a transi\u00e7\u00e3o ecol\u00f3gica todas as Vozes contam!&#8221;<\/span><\/a><\/p>\n","protected":false},"author":2,"featured_media":3089,"comment_status":"open","ping_status":"open","sticky":false,"template":"","format":"standard","meta":{"footnotes":""},"categories":[4],"tags":[],"class_list":["post-3091","post","type-post","status-publish","format-standard","has-post-thumbnail","hentry","category-diversos"],"yoast_meta":{"yoast_wpseo_title":"","yoast_wpseo_metadesc":"","yoast_wpseo_canonical":""},"_links":{"self":[{"href":"https:\/\/wp.omeuimo.pt\/imoexpansao\/wp-json\/wp\/v2\/posts\/3091","targetHints":{"allow":["GET"]}}],"collection":[{"href":"https:\/\/wp.omeuimo.pt\/imoexpansao\/wp-json\/wp\/v2\/posts"}],"about":[{"href":"https:\/\/wp.omeuimo.pt\/imoexpansao\/wp-json\/wp\/v2\/types\/post"}],"author":[{"embeddable":true,"href":"https:\/\/wp.omeuimo.pt\/imoexpansao\/wp-json\/wp\/v2\/users\/2"}],"replies":[{"embeddable":true,"href":"https:\/\/wp.omeuimo.pt\/imoexpansao\/wp-json\/wp\/v2\/comments?post=3091"}],"version-history":[{"count":4,"href":"https:\/\/wp.omeuimo.pt\/imoexpansao\/wp-json\/wp\/v2\/posts\/3091\/revisions"}],"predecessor-version":[{"id":3094,"href":"https:\/\/wp.omeuimo.pt\/imoexpansao\/wp-json\/wp\/v2\/posts\/3091\/revisions\/3094"}],"wp:featuredmedia":[{"embeddable":true,"href":"https:\/\/wp.omeuimo.pt\/imoexpansao\/wp-json\/wp\/v2\/media\/3089"}],"wp:attachment":[{"href":"https:\/\/wp.omeuimo.pt\/imoexpansao\/wp-json\/wp\/v2\/media?parent=3091"}],"wp:term":[{"taxonomy":"category","embeddable":true,"href":"https:\/\/wp.omeuimo.pt\/imoexpansao\/wp-json\/wp\/v2\/categories?post=3091"},{"taxonomy":"post_tag","embeddable":true,"href":"https:\/\/wp.omeuimo.pt\/imoexpansao\/wp-json\/wp\/v2\/tags?post=3091"}],"curies":[{"name":"wp","href":"https:\/\/api.w.org\/{rel}","templated":true}]}}