{"id":3397,"date":"2023-05-31T17:30:52","date_gmt":"2023-05-31T16:30:52","guid":{"rendered":"https:\/\/wp.omeuimo.pt\/imoexpansao\/?p=3397"},"modified":"2023-05-12T09:50:27","modified_gmt":"2023-05-12T08:50:27","slug":"como-dividir-a-heranca-de-um-imovel-por-varios-herdeiros","status":"publish","type":"post","link":"https:\/\/wp.omeuimo.pt\/imoexpansao\/como-dividir-a-heranca-de-um-imovel-por-varios-herdeiros\/","title":{"rendered":"Como dividir a heran\u00e7a de um im\u00f3vel por v\u00e1rios herdeiros?"},"content":{"rendered":"<h3>Em Portugal, a heran\u00e7a de um im\u00f3vel por v\u00e1rios herdeiros \u00e9 dividida de acordo com as regras estabelecidas no C\u00f3digo Civil. A divis\u00e3o \u00e9 feita de forma igualit\u00e1ria entre todos os herdeiros, a menos que haja um testamento que especifique de outra forma.<\/h3>\n<p style=\"text-align: justify\"><a href=\"https:\/\/www.facebook.com\/media\/set\/?set=a.587947658006431&amp;type=3\" target=\"_blank\" rel=\"noopener\">A partilha come\u00e7a com a identifica\u00e7\u00e3o dos herdeiros legais<\/a> e a determina\u00e7\u00e3o das suas quotas-parte, que representam a sua parte da heran\u00e7a. Em seguida, \u00e9 feita uma avalia\u00e7\u00e3o do im\u00f3vel para determinar o seu valor e, com base nisso, a quota-parte de cada herdeiro \u00e9 convertida em uma fra\u00e7\u00e3o do im\u00f3vel.<\/p>\n<p style=\"text-align: justify\">Por exemplo, se um im\u00f3vel \u00e9 avaliado em 200.000 euros e h\u00e1 quatro herdeiros, cada um ter\u00e1 uma quota-parte de 25% da heran\u00e7a, o que equivale a uma fra\u00e7\u00e3o de 1\/4 do valor do im\u00f3vel.<\/p>\n<p style=\"text-align: justify\">A partilha pode ser feita de duas maneiras diferentes: em esp\u00e9cie ou em dinheiro. Na partilha em esp\u00e9cie, o im\u00f3vel \u00e9 dividido fisicamente entre os herdeiros, com cada um recebendo uma parte do im\u00f3vel. Na partilha em dinheiro, o im\u00f3vel \u00e9 vendido e o dinheiro \u00e9 dividido entre os herdeiros.<\/p>\n<p style=\"text-align: justify\">Se um dos herdeiros quiser manter o im\u00f3vel, ele pode comprar as quotas-parte dos outros herdeiros. Nesse caso, \u00e9 feita uma avalia\u00e7\u00e3o do im\u00f3vel e o valor da quota-parte de cada herdeiro \u00e9 determinado. O herdeiro que deseja comprar o im\u00f3vel ent\u00e3o paga aos outros herdeiros o valor correspondente \u00e0s suas quotas-parte e se torna o propriet\u00e1rio exclusivo do im\u00f3vel.<\/p>\n<p style=\"text-align: justify\">\u00c9 importante ressaltar que, em caso de conflitos entre os herdeiros, a partilha pode ser judicialmente determinada pelo tribunal. Al\u00e9m disso, se algum herdeiro n\u00e3o quiser receber a sua parte da heran\u00e7a, ele pode renunciar \u00e0 heran\u00e7a em favor dos outros herdeiros.<\/p>\n<p style=\"text-align: justify\">No entanto, h\u00e1 situa\u00e7\u00f5es em que a partilha de um im\u00f3vel pode ser mais complicada. Por exemplo, se o im\u00f3vel estiver hipotecado, os herdeiros ter\u00e3o que decidir se querem assumir a d\u00edvida ou vender o im\u00f3vel para pagar a hipoteca. Al\u00e9m disso, se o im\u00f3vel estiver em mau estado de conserva\u00e7\u00e3o ou precisar de reformas, os herdeiros ter\u00e3o que decidir quem ir\u00e1 arcar com os custos dessas obras.<\/p>\n<p><img loading=\"lazy\" decoding=\"async\" class=\"alignleft size-full wp-image-3396\" style=\"padding: 10px\" src=\"https:\/\/wp.omeuimo.pt\/imoexpansao\/wp-content\/uploads\/sites\/3\/2023\/05\/Heranca-2-525-min.png\" alt=\"Moradias Figueira da Foz\" width=\"525\" height=\"509\" srcset=\"https:\/\/wp.omeuimo.pt\/imoexpansao\/wp-content\/uploads\/sites\/3\/2023\/05\/Heranca-2-525-min.png 525w, https:\/\/wp.omeuimo.pt\/imoexpansao\/wp-content\/uploads\/sites\/3\/2023\/05\/Heranca-2-525-min-300x291.png 300w\" sizes=\"auto, (max-width: 525px) 100vw, 525px\" \/><\/p>\n<p style=\"text-align: justify\">Outra quest\u00e3o importante \u00e9 a possibilidade de exist\u00eancia de testamento. Se houver um testamento que especifique a forma como o im\u00f3vel deve ser dividido, essa vontade do falecido dever\u00e1 ser respeitada pelos herdeiros. No entanto, mesmo que haja um testamento, os herdeiros podem optar por renunciar \u00e0 heran\u00e7a em favor de outros herdeiros ou para evitar conflitos na partilha.<\/p>\n<p style=\"text-align: justify\">Em caso de herdeiros menores de idade ou incapazes, a partilha da heran\u00e7a deve ser feita com a supervis\u00e3o de um tutor nomeado pelo tribunal. O tutor tem a responsabilidade de representar o herdeiro incapaz na partilha e garantir que os seus interesses sejam protegidos.<\/p>\n","protected":false},"excerpt":{"rendered":"<p>Em Portugal, a heran\u00e7a de um im\u00f3vel por v\u00e1rios herdeiros \u00e9 dividida de acordo com as regras estabelecidas no C\u00f3digo Civil. A divis\u00e3o \u00e9 feita de forma igualit\u00e1ria entre todos os herdeiros, a menos que haja um testamento que especifique de outra forma. A partilha come\u00e7a com a identifica\u00e7\u00e3o dos herdeiros legais e a determina\u00e7\u00e3o &hellip; <\/p>\n<p class=\"link-more\"><a href=\"https:\/\/wp.omeuimo.pt\/imoexpansao\/como-dividir-a-heranca-de-um-imovel-por-varios-herdeiros\/\" class=\"more-link\">Continuar a ler <span class=\"screen-reader-text\">&#8220;Como dividir a heran\u00e7a de um im\u00f3vel por v\u00e1rios herdeiros?&#8221;<\/span><\/a><\/p>\n","protected":false},"author":2,"featured_media":3395,"comment_status":"open","ping_status":"open","sticky":false,"template":"","format":"standard","meta":{"footnotes":""},"categories":[4],"tags":[],"class_list":["post-3397","post","type-post","status-publish","format-standard","has-post-thumbnail","hentry","category-diversos"],"yoast_meta":{"yoast_wpseo_title":"","yoast_wpseo_metadesc":"","yoast_wpseo_canonical":""},"_links":{"self":[{"href":"https:\/\/wp.omeuimo.pt\/imoexpansao\/wp-json\/wp\/v2\/posts\/3397","targetHints":{"allow":["GET"]}}],"collection":[{"href":"https:\/\/wp.omeuimo.pt\/imoexpansao\/wp-json\/wp\/v2\/posts"}],"about":[{"href":"https:\/\/wp.omeuimo.pt\/imoexpansao\/wp-json\/wp\/v2\/types\/post"}],"author":[{"embeddable":true,"href":"https:\/\/wp.omeuimo.pt\/imoexpansao\/wp-json\/wp\/v2\/users\/2"}],"replies":[{"embeddable":true,"href":"https:\/\/wp.omeuimo.pt\/imoexpansao\/wp-json\/wp\/v2\/comments?post=3397"}],"version-history":[{"count":7,"href":"https:\/\/wp.omeuimo.pt\/imoexpansao\/wp-json\/wp\/v2\/posts\/3397\/revisions"}],"predecessor-version":[{"id":3404,"href":"https:\/\/wp.omeuimo.pt\/imoexpansao\/wp-json\/wp\/v2\/posts\/3397\/revisions\/3404"}],"wp:featuredmedia":[{"embeddable":true,"href":"https:\/\/wp.omeuimo.pt\/imoexpansao\/wp-json\/wp\/v2\/media\/3395"}],"wp:attachment":[{"href":"https:\/\/wp.omeuimo.pt\/imoexpansao\/wp-json\/wp\/v2\/media?parent=3397"}],"wp:term":[{"taxonomy":"category","embeddable":true,"href":"https:\/\/wp.omeuimo.pt\/imoexpansao\/wp-json\/wp\/v2\/categories?post=3397"},{"taxonomy":"post_tag","embeddable":true,"href":"https:\/\/wp.omeuimo.pt\/imoexpansao\/wp-json\/wp\/v2\/tags?post=3397"}],"curies":[{"name":"wp","href":"https:\/\/api.w.org\/{rel}","templated":true}]}}