{"id":3863,"date":"2025-04-17T16:30:07","date_gmt":"2025-04-17T15:30:07","guid":{"rendered":"https:\/\/wp.omeuimo.pt\/imoexpansao\/?p=3863"},"modified":"2025-04-17T11:57:33","modified_gmt":"2025-04-17T10:57:33","slug":"tradicoes-da-pascoa-em-portugal-celebracao-de-renascimento-e-renovacao","status":"publish","type":"post","link":"https:\/\/wp.omeuimo.pt\/imoexpansao\/tradicoes-da-pascoa-em-portugal-celebracao-de-renascimento-e-renovacao\/","title":{"rendered":"Tradi\u00e7\u00f5es da P\u00e1scoa em Portugal: Celebra\u00e7\u00e3o de Renascimento e Renova\u00e7\u00e3o"},"content":{"rendered":"<p style=\"text-align: justify\">A P\u00e1scoa \u00e9 um per\u00edodo de profundo significado para os portugueses, caracterizado por uma mistura \u00fanica de tradi\u00e7\u00f5es religiosas e culturais. Este artigo explora as diferentes pr\u00e1ticas e costumes que tornam a P\u00e1scoa em Portugal uma celebra\u00e7\u00e3o rica em simbolismo e significado.<\/p>\n<p style=\"text-align: justify\"><strong>Vig\u00edlia Pascal: O Renascimento da Luz<\/strong><\/p>\n<p style=\"text-align: justify\">A Semana Santa em Portugal atinge o seu auge na Vig\u00edlia Pascal, na noite anterior ao Domingo de P\u00e1scoa. As igrejas enchem-se de fi\u00e9is para celebrar a ressurrei\u00e7\u00e3o de Cristo. A cerim\u00f3nia come\u00e7a com a b\u00ean\u00e7\u00e3o do fogo novo, simbolizando a luz de Cristo ressuscitado, seguida da distribui\u00e7\u00e3o do C\u00edrio Pascal, uma vela especial acesa a partir do fogo aben\u00e7oado. A chama \u00e9 ent\u00e3o transmitida aos fi\u00e9is, simbolizando a dissemina\u00e7\u00e3o da luz divina.<\/p>\n<p style=\"text-align: justify\"><strong>Compasso Pascal: Visita\u00e7\u00e3o e Partilha<\/strong><\/p>\n<p style=\"text-align: justify\">Uma tradi\u00e7\u00e3o profundamente enraizada em Portugal \u00e9 a visita do Compasso Pascal, uma pr\u00e1tica que remonta a s\u00e9culos. No Domingo de P\u00e1scoa, o padre visita as casas locais com o s\u00edmbolo do C\u00edrio Pascal, aben\u00e7oando os lares e desejando paz e renova\u00e7\u00e3o. Este ato n\u00e3o s\u00f3 refor\u00e7a os la\u00e7os entre a comunidade e a igreja, mas tamb\u00e9m promove a ideia de partilha e solidariedade.<\/p>\n<p style=\"text-align: justify\"><strong>Folar da P\u00e1scoa: Sabor e Afeto<\/strong><\/p>\n<p style=\"text-align: justify\">A gastronomia desempenha um papel fundamental nas celebra\u00e7\u00f5es pascais em Portugal, e o &#8220;Folar da P\u00e1scoa&#8221; \u00e9 uma iguaria tradicional. Este p\u00e3o doce, muitas vezes enriquecido com ovos cozidos, presunto e outras iguarias, \u00e9 partilhado entre familiares e amigos. O ato de oferecer e receber um Folar da P\u00e1scoa \u00e9 um gesto de carinho e afeto, simbolizando a uni\u00e3o e a partilha durante esta \u00e9poca festiva.<\/p>\n<p><img loading=\"lazy\" decoding=\"async\" class=\"alignleft size-full wp-image-3861\" style=\"padding: 10px\" src=\"https:\/\/wp.omeuimo.pt\/imoexpansao\/wp-content\/uploads\/sites\/3\/2024\/03\/Pascoa-Feliz-2-525.jpg\" alt=\"Im\u00f3veis Figueira da Foz\" width=\"525\" height=\"527\" srcset=\"https:\/\/wp.omeuimo.pt\/imoexpansao\/wp-content\/uploads\/sites\/3\/2024\/03\/Pascoa-Feliz-2-525.jpg 525w, https:\/\/wp.omeuimo.pt\/imoexpansao\/wp-content\/uploads\/sites\/3\/2024\/03\/Pascoa-Feliz-2-525-150x150.jpg 150w, https:\/\/wp.omeuimo.pt\/imoexpansao\/wp-content\/uploads\/sites\/3\/2024\/03\/Pascoa-Feliz-2-525-300x300.jpg 300w, https:\/\/wp.omeuimo.pt\/imoexpansao\/wp-content\/uploads\/sites\/3\/2024\/03\/Pascoa-Feliz-2-525-100x100.jpg 100w\" sizes=\"auto, (max-width: 525px) 100vw, 525px\" \/><\/p>\n<p style=\"text-align: justify\"><strong>Am\u00eandoas e Ovos de Chocolate: Del\u00edcias Pascais<\/strong><\/p>\n<p style=\"text-align: justify\">As am\u00eandoas e os ovos de chocolate s\u00e3o presen\u00e7as constantes durante a P\u00e1scoa em Portugal. As am\u00eandoas, muitas vezes envoltas em cascas coloridas, representam a vida e a fertilidade. J\u00e1 os ovos de chocolate, trazidos pelo misterioso &#8220;Coelhinho da P\u00e1scoa&#8221;, s\u00e3o s\u00edmbolos de renascimento e novos come\u00e7os. Essas del\u00edcias s\u00e3o trocadas entre familiares e amigos como gestos de do\u00e7ura e alegria.<\/p>\n<p style=\"text-align: justify\"><strong>O Jogo do Compasso: Entre a F\u00e9 e a Tradi\u00e7\u00e3o<\/strong><\/p>\n<p style=\"text-align: justify\">Em algumas regi\u00f5es de Portugal, o Domingo de P\u00e1scoa \u00e9 marcado por um jogo peculiar chamado &#8220;O Jogo do Compasso&#8221;. Nele, os jovens carregam um andor com a imagem do Senhor Ressuscitado, percorrendo as ruas da localidade. Durante o trajeto, os participantes anunciam a ressurrei\u00e7\u00e3o, e os moradores respondem com ofertas de am\u00eandoas, doces e moedas. Este jogo \u00e9 uma mistura \u00fanica de devo\u00e7\u00e3o religiosa e tradi\u00e7\u00e3o popular.<\/p>\n<p><img loading=\"lazy\" decoding=\"async\" class=\"alignleft size-full wp-image-3862\" style=\"padding: 10px\" src=\"https:\/\/wp.omeuimo.pt\/imoexpansao\/wp-content\/uploads\/sites\/3\/2024\/03\/Pascoa-Feliz-3-525.jpg\" alt=\"Figueira da Foz\" width=\"525\" height=\"603\" srcset=\"https:\/\/wp.omeuimo.pt\/imoexpansao\/wp-content\/uploads\/sites\/3\/2024\/03\/Pascoa-Feliz-3-525.jpg 525w, https:\/\/wp.omeuimo.pt\/imoexpansao\/wp-content\/uploads\/sites\/3\/2024\/03\/Pascoa-Feliz-3-525-261x300.jpg 261w\" sizes=\"auto, (max-width: 525px) 100vw, 525px\" \/><\/p>\n<p style=\"text-align: justify\"><strong>Queima do Judas: Uma Tradi\u00e7\u00e3o Explosiva<\/strong><\/p>\n<p style=\"text-align: justify\">Uma tradi\u00e7\u00e3o \u00fanica em algumas regi\u00f5es de Portugal \u00e9 a &#8220;Queima do Judas&#8221;, que ocorre no S\u00e1bado de Aleluia. Neste evento, um boneco representando Judas Iscariotes \u00e9 queimado em espa\u00e7os p\u00fablicos, simbolizando a rejei\u00e7\u00e3o do traidor. Esta pr\u00e1tica, embora enraizada na hist\u00f3ria religiosa, tornou-se tamb\u00e9m uma forma de express\u00e3o social e pol\u00edtica, onde o boneco muitas vezes incorpora figuras controversas do momento.<\/p>\n<p style=\"text-align: justify\"><strong>Conclus\u00e3o: P\u00e1scoa em Portugal &#8211; Entre a F\u00e9 e a Tradi\u00e7\u00e3o<\/strong><\/p>\n<p style=\"text-align: justify\">A P\u00e1scoa em Portugal \u00e9 uma fus\u00e3o encantadora de devo\u00e7\u00e3o religiosa, tradi\u00e7\u00f5es seculares e manifesta\u00e7\u00f5es culturais. Atrav\u00e9s das pr\u00e1ticas como a Vig\u00edlia Pascal, o Compasso Pascal, o Folar da P\u00e1scoa, o Jogo do Compasso, as am\u00eandoas, os ovos de chocolate e a Queima do Judas, os portugueses celebram a ressurrei\u00e7\u00e3o de Cristo, renovando la\u00e7os familiares e fortalecendo a identidade cultural. Estas tradi\u00e7\u00f5es, passadas de gera\u00e7\u00e3o em gera\u00e7\u00e3o, proporcionam uma experi\u00eancia \u00fanica e rica durante esta temporada especial, destacando a riqueza da diversidade cultural em Portugal.<\/p>\n","protected":false},"excerpt":{"rendered":"<p>A P\u00e1scoa \u00e9 um per\u00edodo de profundo significado para os portugueses, caracterizado por uma mistura \u00fanica de tradi\u00e7\u00f5es religiosas e culturais. Este artigo explora as diferentes pr\u00e1ticas e costumes que tornam a P\u00e1scoa em Portugal uma celebra\u00e7\u00e3o rica em simbolismo e significado. Vig\u00edlia Pascal: O Renascimento da Luz A Semana Santa em Portugal atinge o &hellip; <\/p>\n<p class=\"link-more\"><a href=\"https:\/\/wp.omeuimo.pt\/imoexpansao\/tradicoes-da-pascoa-em-portugal-celebracao-de-renascimento-e-renovacao\/\" class=\"more-link\">Continuar a ler <span class=\"screen-reader-text\">&#8220;Tradi\u00e7\u00f5es da P\u00e1scoa em Portugal: Celebra\u00e7\u00e3o de Renascimento e Renova\u00e7\u00e3o&#8221;<\/span><\/a><\/p>\n","protected":false},"author":2,"featured_media":3860,"comment_status":"open","ping_status":"open","sticky":false,"template":"","format":"standard","meta":{"footnotes":""},"categories":[4],"tags":[],"class_list":["post-3863","post","type-post","status-publish","format-standard","has-post-thumbnail","hentry","category-diversos"],"yoast_meta":{"yoast_wpseo_title":"","yoast_wpseo_metadesc":"","yoast_wpseo_canonical":""},"_links":{"self":[{"href":"https:\/\/wp.omeuimo.pt\/imoexpansao\/wp-json\/wp\/v2\/posts\/3863","targetHints":{"allow":["GET"]}}],"collection":[{"href":"https:\/\/wp.omeuimo.pt\/imoexpansao\/wp-json\/wp\/v2\/posts"}],"about":[{"href":"https:\/\/wp.omeuimo.pt\/imoexpansao\/wp-json\/wp\/v2\/types\/post"}],"author":[{"embeddable":true,"href":"https:\/\/wp.omeuimo.pt\/imoexpansao\/wp-json\/wp\/v2\/users\/2"}],"replies":[{"embeddable":true,"href":"https:\/\/wp.omeuimo.pt\/imoexpansao\/wp-json\/wp\/v2\/comments?post=3863"}],"version-history":[{"count":4,"href":"https:\/\/wp.omeuimo.pt\/imoexpansao\/wp-json\/wp\/v2\/posts\/3863\/revisions"}],"predecessor-version":[{"id":3888,"href":"https:\/\/wp.omeuimo.pt\/imoexpansao\/wp-json\/wp\/v2\/posts\/3863\/revisions\/3888"}],"wp:featuredmedia":[{"embeddable":true,"href":"https:\/\/wp.omeuimo.pt\/imoexpansao\/wp-json\/wp\/v2\/media\/3860"}],"wp:attachment":[{"href":"https:\/\/wp.omeuimo.pt\/imoexpansao\/wp-json\/wp\/v2\/media?parent=3863"}],"wp:term":[{"taxonomy":"category","embeddable":true,"href":"https:\/\/wp.omeuimo.pt\/imoexpansao\/wp-json\/wp\/v2\/categories?post=3863"},{"taxonomy":"post_tag","embeddable":true,"href":"https:\/\/wp.omeuimo.pt\/imoexpansao\/wp-json\/wp\/v2\/tags?post=3863"}],"curies":[{"name":"wp","href":"https:\/\/api.w.org\/{rel}","templated":true}]}}