{"id":4019,"date":"2024-06-18T09:00:54","date_gmt":"2024-06-18T08:00:54","guid":{"rendered":"https:\/\/wp.omeuimo.pt\/imoexpansao\/?p=4019"},"modified":"2024-06-06T15:30:39","modified_gmt":"2024-06-06T14:30:39","slug":"beneficio-das-mais-valias-alargado-a-quem-vende-casa-em-12-meses","status":"publish","type":"post","link":"https:\/\/wp.omeuimo.pt\/imoexpansao\/beneficio-das-mais-valias-alargado-a-quem-vende-casa-em-12-meses\/","title":{"rendered":"Benef\u00edcio das mais-valias alargado a quem vende casa em 12 meses"},"content":{"rendered":"<p style=\"text-align: justify\">Volta a ser poss\u00edvel comprar casa num ano, vend\u00ea-la no outro e beneficiar da isen\u00e7\u00e3o de IRS sobre mais-valias.<\/p>\n<p style=\"text-align: justify\">O Governo decidiu mudar as regras das\u00a0<strong>mais-valias de im\u00f3veis<\/strong>, de forma a alargar o regime fiscal a mais casos. Assim, volta a ser poss\u00edvel comprar casa num ano, vend\u00ea-la noutro e beneficiar das regras fiscais sobre as\u00a0<strong>mais-valias<\/strong>. Claro que tem de estar em causa a aquisi\u00e7\u00e3o de uma habita\u00e7\u00e3o pr\u00f3pria permanente. Antes, era necess\u00e1rio ficar com o im\u00f3vel no m\u00ednimo 2 anos antes de o vender.<\/p>\n<p style=\"text-align: justify\">O Mais Habita\u00e7\u00e3o desenhado pelo anterior Governo socialista colocou restri\u00e7\u00f5es ao regime que prev\u00ea a\u00a0<strong>isen\u00e7\u00e3o de IRS sobre as mais-valias\u00a0<\/strong>no caso da venda de uma casa e aplica\u00e7\u00e3o desse valor na compra de outra habita\u00e7\u00e3o pr\u00f3pria e permanente. Mas para isso ser poss\u00edvel era preciso a casa ter sido morada de fam\u00edlia e ainda ficar com o im\u00f3vel no m\u00ednimo 24 anos antes de ocorrer a transa\u00e7\u00e3o, recorda o Jornal de Neg\u00f3cios.<\/p>\n<p style=\"text-align: justify\">\u00c9 precisamente o prazo m\u00ednimo de\u00a0<strong>deten\u00e7\u00e3o do im\u00f3vel\u00a0<\/strong>que o novo Governo liderado por Montenegro decidiu mexer. \u201cMud\u00e1mos as regras fiscais [para] alargar a possibilidade de reinvestimento das\u00a0mais-valias\u00a0quando se vende uma habita\u00e7\u00e3o pr\u00f3pria e permanente. Tinha sido fixado um prazo m\u00ednimo de deten\u00e7\u00e3o de 24 meses e reduzimo-lo para 12 meses\u201d, explicou Ant\u00f3nio Leit\u00e3o Amaro, ministro da Presid\u00eancia, durante a confer\u00eancia de imprensa que se seguiu \u00e0 reuni\u00e3o do Conselho de Ministros realizada no dia 27 de maio.<\/p>\n<p style=\"text-align: justify\">Assim, passou a ser poss\u00edvel beneficiar da\u00a0<strong>isen\u00e7\u00e3o do IRS sobre as mais-valias<\/strong>\u00a0na venda e posterior\u00a0<strong>compra de habita\u00e7\u00e3o pr\u00f3pria e permanente<\/strong>\u00a0no prazo de dois anos. Para isso, h\u00e1 que garantir que \u201co im\u00f3vel transmitido tenha sido destinado a habita\u00e7\u00e3o pr\u00f3pria e permanente do sujeito passivo ou do seu agregado familiar, comprovada atrav\u00e9s do respetivo domic\u00edlio fiscal, nos 24 meses anteriores \u00e0 data da transmiss\u00e3o\u201d, cita o mesmo jornal.<\/p>\n<h3 style=\"text-align: justify;font-size: 12px\">In Idealista, 28 Maio 2024<\/h3>\n","protected":false},"excerpt":{"rendered":"<p>Volta a ser poss\u00edvel comprar casa num ano, vend\u00ea-la no outro e beneficiar da isen\u00e7\u00e3o de IRS sobre mais-valias. O Governo decidiu mudar as regras das\u00a0mais-valias de im\u00f3veis, de forma a alargar o regime fiscal a mais casos. Assim, volta a ser poss\u00edvel comprar casa num ano, vend\u00ea-la noutro e beneficiar das regras fiscais sobre &hellip; <\/p>\n<p class=\"link-more\"><a href=\"https:\/\/wp.omeuimo.pt\/imoexpansao\/beneficio-das-mais-valias-alargado-a-quem-vende-casa-em-12-meses\/\" class=\"more-link\">Continuar a ler <span class=\"screen-reader-text\">&#8220;Benef\u00edcio das mais-valias alargado a quem vende casa em 12 meses&#8221;<\/span><\/a><\/p>\n","protected":false},"author":2,"featured_media":4018,"comment_status":"open","ping_status":"open","sticky":false,"template":"","format":"standard","meta":{"footnotes":""},"categories":[4],"tags":[],"class_list":["post-4019","post","type-post","status-publish","format-standard","has-post-thumbnail","hentry","category-diversos"],"yoast_meta":{"yoast_wpseo_title":"","yoast_wpseo_metadesc":"","yoast_wpseo_canonical":""},"_links":{"self":[{"href":"https:\/\/wp.omeuimo.pt\/imoexpansao\/wp-json\/wp\/v2\/posts\/4019","targetHints":{"allow":["GET"]}}],"collection":[{"href":"https:\/\/wp.omeuimo.pt\/imoexpansao\/wp-json\/wp\/v2\/posts"}],"about":[{"href":"https:\/\/wp.omeuimo.pt\/imoexpansao\/wp-json\/wp\/v2\/types\/post"}],"author":[{"embeddable":true,"href":"https:\/\/wp.omeuimo.pt\/imoexpansao\/wp-json\/wp\/v2\/users\/2"}],"replies":[{"embeddable":true,"href":"https:\/\/wp.omeuimo.pt\/imoexpansao\/wp-json\/wp\/v2\/comments?post=4019"}],"version-history":[{"count":5,"href":"https:\/\/wp.omeuimo.pt\/imoexpansao\/wp-json\/wp\/v2\/posts\/4019\/revisions"}],"predecessor-version":[{"id":4024,"href":"https:\/\/wp.omeuimo.pt\/imoexpansao\/wp-json\/wp\/v2\/posts\/4019\/revisions\/4024"}],"wp:featuredmedia":[{"embeddable":true,"href":"https:\/\/wp.omeuimo.pt\/imoexpansao\/wp-json\/wp\/v2\/media\/4018"}],"wp:attachment":[{"href":"https:\/\/wp.omeuimo.pt\/imoexpansao\/wp-json\/wp\/v2\/media?parent=4019"}],"wp:term":[{"taxonomy":"category","embeddable":true,"href":"https:\/\/wp.omeuimo.pt\/imoexpansao\/wp-json\/wp\/v2\/categories?post=4019"},{"taxonomy":"post_tag","embeddable":true,"href":"https:\/\/wp.omeuimo.pt\/imoexpansao\/wp-json\/wp\/v2\/tags?post=4019"}],"curies":[{"name":"wp","href":"https:\/\/api.w.org\/{rel}","templated":true}]}}