{"id":4091,"date":"2024-07-06T12:24:51","date_gmt":"2024-07-06T11:24:51","guid":{"rendered":"https:\/\/wp.omeuimo.pt\/imoexpansao\/?p=4091"},"modified":"2024-07-06T12:28:04","modified_gmt":"2024-07-06T11:28:04","slug":"4091-2","status":"publish","type":"post","link":"https:\/\/wp.omeuimo.pt\/imoexpansao\/4091-2\/","title":{"rendered":"A Import\u00e2ncia de uma Habita\u00e7\u00e3o Condigna como Express\u00e3o de Qualidade de Vida"},"content":{"rendered":"<p style=\"text-align: justify\">A habita\u00e7\u00e3o \u00e9 um dos pilares fundamentais da exist\u00eancia humana, representando n\u00e3o apenas um espa\u00e7o f\u00edsico onde as pessoas residem, mas tamb\u00e9m um elemento crucial que influencia diretamente a qualidade de vida. Uma habita\u00e7\u00e3o condigna transcende a mera provis\u00e3o de abrigo; ela constitui um ambiente seguro, saud\u00e1vel e acolhedor que promove o bem-estar f\u00edsico, emocional e social dos seus habitantes. Neste contexto, \u00e9 essencial compreender a import\u00e2ncia de uma habita\u00e7\u00e3o adequada e os impactos profundos que esta tem na vida das pessoas.<\/p>\n<p style=\"text-align: justify\">\n<h3>Conceito de Habita\u00e7\u00e3o Condigna<\/h3>\n<p style=\"text-align: justify\">Uma habita\u00e7\u00e3o condigna refere-se a um im\u00f3vel que satisfa\u00e7a um conjunto de requisitos b\u00e1sicos essenciais para uma vida digna. Esses requisitos incluem a seguran\u00e7a estrutural, a exist\u00eancia de infraestruturas b\u00e1sicas como \u00e1gua pot\u00e1vel, eletricidade, saneamento e ventila\u00e7\u00e3o adequadas, bem como o acesso a espa\u00e7os suficientes para evitar a superlota\u00e7\u00e3o. Al\u00e9m disso, uma habita\u00e7\u00e3o condigna deve estar situada em locais com acesso a servi\u00e7os essenciais como sa\u00fade, educa\u00e7\u00e3o, transporte e \u00e1reas de lazer. Estes fatores combinam-se para proporcionar um ambiente prop\u00edcio ao desenvolvimento humano e \u00e0 melhoria da qualidade de vida.<\/p>\n<p><img loading=\"lazy\" decoding=\"async\" class=\"alignleft size-full wp-image-4089\" src=\"https:\/\/wp.omeuimo.pt\/imoexpansao\/wp-content\/uploads\/sites\/3\/2024\/07\/Habita\u00e7\u00e3o-Condigna-2-525-min.jpg\" alt=\"Imobiliarias Figueira da Foz\" width=\"525\" height=\"394\" srcset=\"https:\/\/wp.omeuimo.pt\/imoexpansao\/wp-content\/uploads\/sites\/3\/2024\/07\/Habita\u00e7\u00e3o-Condigna-2-525-min.jpg 525w, https:\/\/wp.omeuimo.pt\/imoexpansao\/wp-content\/uploads\/sites\/3\/2024\/07\/Habita\u00e7\u00e3o-Condigna-2-525-min-300x225.jpg 300w\" sizes=\"auto, (max-width: 525px) 100vw, 525px\" \/><\/p>\n<p style=\"text-align: justify\">\n<h3>Impactos na Sa\u00fade e Bem-Estar<\/h3>\n<p style=\"text-align: justify\">A qualidade da habita\u00e7\u00e3o tem um impacto direto e significativo na sa\u00fade dos seus ocupantes. Im\u00f3veis inadequados, que carecem de condi\u00e7\u00f5es b\u00e1sicas de higiene e ventila\u00e7\u00e3o, podem contribuir para a propaga\u00e7\u00e3o de doen\u00e7as respirat\u00f3rias, infecciosas e cr\u00f3nicas. A exposi\u00e7\u00e3o a condi\u00e7\u00f5es de humidade e mofo, por exemplo, est\u00e1 associada a problemas respirat\u00f3rios como a asma. Al\u00e9m disso, a falta de saneamento b\u00e1sico pode levar a surtos de doen\u00e7as como a c\u00f3lera e a diarreia, que s\u00e3o particularmente perigosas para crian\u00e7as e idosos.<\/p>\n<p style=\"text-align: justify\">Por outro lado, uma habita\u00e7\u00e3o condigna proporciona um ambiente saud\u00e1vel que reduz o risco de doen\u00e7as, promove o descanso e o sono adequados, e facilita a ado\u00e7\u00e3o de h\u00e1bitos de vida saud\u00e1veis. A presen\u00e7a de espa\u00e7os verdes e \u00e1reas de lazer nas proximidades pode incentivar a pr\u00e1tica de atividades f\u00edsicas, contribuindo para a sa\u00fade f\u00edsica e mental dos moradores. A seguran\u00e7a e estabilidade proporcionadas por uma boa habita\u00e7\u00e3o tamb\u00e9m t\u00eam um efeito positivo na sa\u00fade mental, reduzindo o stress e a ansiedade associados a condi\u00e7\u00f5es de vida prec\u00e1rias.<\/p>\n<p style=\"text-align: justify\">\n<h3>Desenvolvimento Social e Econ\u00f3mico<\/h3>\n<p style=\"text-align: justify\">A import\u00e2ncia de uma habita\u00e7\u00e3o condigna tamb\u00e9m se estende ao desenvolvimento social e econ\u00f3mico. Im\u00f3veis adequados s\u00e3o essenciais para a coes\u00e3o social e para a cria\u00e7\u00e3o de comunidades seguras e vibrantes. Quando as pessoas vivem em condi\u00e7\u00f5es dignas, sentem-se mais integradas e participativas na vida comunit\u00e1ria, o que fortalece os la\u00e7os sociais e promove a solidariedade.<\/p>\n<p style=\"text-align: justify\">Economicamente, uma habita\u00e7\u00e3o adequada pode ter um efeito multiplicador positivo. Ao garantir um ambiente est\u00e1vel e saud\u00e1vel, as pessoas s\u00e3o mais capazes de alcan\u00e7ar e manter empregos, aumentar a produtividade e melhorar as suas condi\u00e7\u00f5es econ\u00f3micas. Por outro lado, a habita\u00e7\u00e3o prec\u00e1ria pode perpetuar ciclos de pobreza, limitando as oportunidades de emprego e educa\u00e7\u00e3o, e aumentando os custos associados \u00e0 sa\u00fade e \u00e0 manuten\u00e7\u00e3o da casa.<\/p>\n<p><img loading=\"lazy\" decoding=\"async\" class=\"alignleft size-full wp-image-4090\" src=\"https:\/\/wp.omeuimo.pt\/imoexpansao\/wp-content\/uploads\/sites\/3\/2024\/07\/Habita\u00e7\u00e3o-Condigna-3-525-min.jpg\" alt=\"Figueira da Foz\" width=\"525\" height=\"350\" srcset=\"https:\/\/wp.omeuimo.pt\/imoexpansao\/wp-content\/uploads\/sites\/3\/2024\/07\/Habita\u00e7\u00e3o-Condigna-3-525-min.jpg 525w, https:\/\/wp.omeuimo.pt\/imoexpansao\/wp-content\/uploads\/sites\/3\/2024\/07\/Habita\u00e7\u00e3o-Condigna-3-525-min-300x200.jpg 300w\" sizes=\"auto, (max-width: 525px) 100vw, 525px\" \/><\/p>\n<p style=\"text-align: justify\">\n<h3>Educa\u00e7\u00e3o e Desenvolvimento Infantil<\/h3>\n<p style=\"text-align: justify\">Uma habita\u00e7\u00e3o condigna \u00e9 particularmente crucial para o desenvolvimento infantil. Crian\u00e7as que crescem em ambientes seguros e saud\u00e1veis t\u00eam melhores condi\u00e7\u00f5es para um desenvolvimento f\u00edsico, emocional e cognitivo adequado. Um espa\u00e7o de estudo adequado, por exemplo, \u00e9 fundamental para o sucesso escolar. Crian\u00e7as que vivem em habita\u00e7\u00f5es sobrelotadas ou insalubres podem enfrentar dificuldades de concentra\u00e7\u00e3o e aprendizagem, comprometendo o seu desempenho acad\u00e9mico e as suas futuras oportunidades.<\/p>\n<p style=\"text-align: justify\">Al\u00e9m disso, uma habita\u00e7\u00e3o segura protege as crian\u00e7as de riscos como acidentes dom\u00e9sticos e exposi\u00e7\u00e3o a viol\u00eancia. A estabilidade habitacional tamb\u00e9m contribui para a continuidade educativa, evitando mudan\u00e7as frequentes de escola que podem afetar negativamente o desenvolvimento acad\u00e9mico e social das crian\u00e7as.<\/p>\n<p style=\"text-align: justify\">\n<h3>Desafios e Pol\u00edticas P\u00fablicas<\/h3>\n<p style=\"text-align: justify\">Apesar da clara import\u00e2ncia de uma habita\u00e7\u00e3o condigna, muitos pa\u00edses enfrentam desafios significativos na garantia deste direito. A falta de habita\u00e7\u00f5es acess\u00edveis, a urbaniza\u00e7\u00e3o acelerada e a pobreza s\u00e3o alguns dos obst\u00e1culos que impedem o acesso universal a uma moradia adequada. Em muitos casos, a interven\u00e7\u00e3o do estado \u00e9 crucial para mitigar estas quest\u00f5es, atrav\u00e9s de pol\u00edticas p\u00fablicas que promovam a constru\u00e7\u00e3o de habita\u00e7\u00e3o social, a regenera\u00e7\u00e3o urbana e o apoio \u00e0s fam\u00edlias de baixos rendimentos.<\/p>\n<p style=\"text-align: justify\">As pol\u00edticas p\u00fablicas devem focar-se na cria\u00e7\u00e3o de condi\u00e7\u00f5es que permitam a todos os cidad\u00e3os o acesso a uma habita\u00e7\u00e3o digna. Isso inclui a implementa\u00e7\u00e3o de programas de subs\u00eddio habitacional, a promo\u00e7\u00e3o de constru\u00e7\u00f5es sustent\u00e1veis e acess\u00edveis, e o fortalecimento de regulamentos que garantam a qualidade das habita\u00e7\u00f5es. A coopera\u00e7\u00e3o entre governos, organiza\u00e7\u00f5es n\u00e3o-governamentais e o sector privado \u00e9 igualmente essencial para abordar de forma eficaz os problemas habitacionais.<\/p>\n<p style=\"text-align: justify\"><strong>Conclus\u00e3o<\/strong><\/p>\n<p style=\"text-align: justify\">Uma habita\u00e7\u00e3o condigna \u00e9 mais do que um direito b\u00e1sico; \u00e9 uma necessidade fundamental que molda a qualidade de vida dos indiv\u00edduos e das comunidades. Atrav\u00e9s da provis\u00e3o de im\u00f3veis adequados, podemos promover a sa\u00fade, o bem-estar, a estabilidade econ\u00f3mica e o desenvolvimento social. Investir em habita\u00e7\u00e3o condigna n\u00e3o \u00e9 apenas uma quest\u00e3o de justi\u00e7a social, mas tamb\u00e9m uma estrat\u00e9gia inteligente para o desenvolvimento sustent\u00e1vel e inclusivo das sociedades. Portanto, \u00e9 imperativo que governos, organiza\u00e7\u00f5es e cidad\u00e3os trabalhem juntos para assegurar que todos tenham acesso a uma habita\u00e7\u00e3o que permita uma vida digna e plena.<\/p>\n","protected":false},"excerpt":{"rendered":"<p>A habita\u00e7\u00e3o \u00e9 um dos pilares fundamentais da exist\u00eancia humana, representando n\u00e3o apenas um espa\u00e7o f\u00edsico onde as pessoas residem, mas tamb\u00e9m um elemento crucial que influencia diretamente a qualidade de vida. Uma habita\u00e7\u00e3o condigna transcende a mera provis\u00e3o de abrigo; ela constitui um ambiente seguro, saud\u00e1vel e acolhedor que promove o bem-estar f\u00edsico, emocional &hellip; <\/p>\n<p class=\"link-more\"><a href=\"https:\/\/wp.omeuimo.pt\/imoexpansao\/4091-2\/\" class=\"more-link\">Continuar a ler <span class=\"screen-reader-text\">&#8220;A Import\u00e2ncia de uma Habita\u00e7\u00e3o Condigna como Express\u00e3o de Qualidade de Vida&#8221;<\/span><\/a><\/p>\n","protected":false},"author":2,"featured_media":4088,"comment_status":"open","ping_status":"open","sticky":false,"template":"","format":"standard","meta":{"footnotes":""},"categories":[4],"tags":[],"class_list":["post-4091","post","type-post","status-publish","format-standard","has-post-thumbnail","hentry","category-diversos"],"yoast_meta":{"yoast_wpseo_title":"","yoast_wpseo_metadesc":"","yoast_wpseo_canonical":""},"_links":{"self":[{"href":"https:\/\/wp.omeuimo.pt\/imoexpansao\/wp-json\/wp\/v2\/posts\/4091","targetHints":{"allow":["GET"]}}],"collection":[{"href":"https:\/\/wp.omeuimo.pt\/imoexpansao\/wp-json\/wp\/v2\/posts"}],"about":[{"href":"https:\/\/wp.omeuimo.pt\/imoexpansao\/wp-json\/wp\/v2\/types\/post"}],"author":[{"embeddable":true,"href":"https:\/\/wp.omeuimo.pt\/imoexpansao\/wp-json\/wp\/v2\/users\/2"}],"replies":[{"embeddable":true,"href":"https:\/\/wp.omeuimo.pt\/imoexpansao\/wp-json\/wp\/v2\/comments?post=4091"}],"version-history":[{"count":4,"href":"https:\/\/wp.omeuimo.pt\/imoexpansao\/wp-json\/wp\/v2\/posts\/4091\/revisions"}],"predecessor-version":[{"id":4095,"href":"https:\/\/wp.omeuimo.pt\/imoexpansao\/wp-json\/wp\/v2\/posts\/4091\/revisions\/4095"}],"wp:featuredmedia":[{"embeddable":true,"href":"https:\/\/wp.omeuimo.pt\/imoexpansao\/wp-json\/wp\/v2\/media\/4088"}],"wp:attachment":[{"href":"https:\/\/wp.omeuimo.pt\/imoexpansao\/wp-json\/wp\/v2\/media?parent=4091"}],"wp:term":[{"taxonomy":"category","embeddable":true,"href":"https:\/\/wp.omeuimo.pt\/imoexpansao\/wp-json\/wp\/v2\/categories?post=4091"},{"taxonomy":"post_tag","embeddable":true,"href":"https:\/\/wp.omeuimo.pt\/imoexpansao\/wp-json\/wp\/v2\/tags?post=4091"}],"curies":[{"name":"wp","href":"https:\/\/api.w.org\/{rel}","templated":true}]}}