{"id":4555,"date":"2024-12-30T15:39:53","date_gmt":"2024-12-30T15:39:53","guid":{"rendered":"https:\/\/wp.omeuimo.pt\/imoexpansao\/?p=4555"},"modified":"2024-12-30T15:48:04","modified_gmt":"2024-12-30T15:48:04","slug":"reveillon-guia-para-receber-2025-em-grande-estilo","status":"publish","type":"post","link":"https:\/\/wp.omeuimo.pt\/imoexpansao\/reveillon-guia-para-receber-2025-em-grande-estilo\/","title":{"rendered":"R\u00e9veillon: guia para receber 2025 em grande estilo"},"content":{"rendered":"<p style=\"text-align: justify\">Com 2025 a anunciar-se este \u00e9 o guia de que precisa para as celebra\u00e7\u00f5es da passagem de ano<\/p>\n<figure id=\"attachment_4552\" aria-describedby=\"caption-attachment-4552\" style=\"width: 525px\" class=\"wp-caption alignleft\"><img loading=\"lazy\" decoding=\"async\" class=\"size-full wp-image-4552\" src=\"https:\/\/wp.omeuimo.pt\/imoexpansao\/wp-content\/uploads\/sites\/3\/2024\/12\/Foto-1-525-min-2.jpg\" alt=\"comprar imoveis figueira da foz\" width=\"525\" height=\"364\" srcset=\"https:\/\/wp.omeuimo.pt\/imoexpansao\/wp-content\/uploads\/sites\/3\/2024\/12\/Foto-1-525-min-2.jpg 525w, https:\/\/wp.omeuimo.pt\/imoexpansao\/wp-content\/uploads\/sites\/3\/2024\/12\/Foto-1-525-min-2-300x208.jpg 300w\" sizes=\"auto, (max-width: 525px) 100vw, 525px\" \/><figcaption id=\"caption-attachment-4552\" class=\"wp-caption-text\">Foto by Freepik<\/figcaption><\/figure>\n<p style=\"text-align: justify\">A\u00a0<strong>passagem de ano<\/strong>\u00a0\u00e9 noite de festa, para sorrir afavelmente sobre o que j\u00e1 passou e celebrar aquilo que est\u00e1 por vir. A Figueira da Foz n\u00e3o foge \u00e0 regra e a autarquia figueirense preparou uma noite de passagem de ano com m\u00fasica para os nossos ouvidos e corpos, assim como n\u00e3o poderia deixar de ser e os fogos de artif\u00edcio que iluminar\u00e3o os c\u00e9us.<\/p>\n<p style=\"text-align: justify\">No entanto, se integra a equipa daqueles que preferem passar o R\u00e9veillon no calor do lar, tamb\u00e9m h\u00e1 formas de decorar a sua casa e vestir-se a rigor para entrar devidamente nas portas que se abrem \u00e0 sua frente.<\/p>\n<p style=\"text-align: justify\">Independentemente se o\u00a0<strong>ano novo<\/strong>\u00a0ser\u00e1 passado ao ar livre ou em casa, o que interessa \u00e9 ter passas numa m\u00e3o e champanhe na outra.<\/p>\n<h3><strong>Passagem de Ano na rua: o que fazer para a despedida de 2024<\/strong><\/h3>\n<p style=\"text-align: justify\">Por volta desta altura as pesquisas multiplicam-se, e s\u00e3o muitos os curiosos que querem saber mais sobre as<strong>\u00a0melhores passagens de ano em Portugal<\/strong><strong>, mais particularmente na Figueira da Foz<\/strong>.<\/p>\n<p style=\"text-align: justify\">Esta noite atuam os HMB e amanh\u00e3, naquela que \u00e9 a \u00faltima noite do ano, a festa abre com o \u2018rapper\u2019 Slow J \u2013 seguindo-se, ap\u00f3s o fogo de artif\u00edcio, os dj Drenchill e Jo\u00e3o Marques, mais conhecido por Johnny B, natural da Figueira da Foz.<\/p>\n<figure id=\"attachment_4553\" aria-describedby=\"caption-attachment-4553\" style=\"width: 525px\" class=\"wp-caption alignleft\"><img loading=\"lazy\" decoding=\"async\" class=\"size-full wp-image-4553\" src=\"https:\/\/wp.omeuimo.pt\/imoexpansao\/wp-content\/uploads\/sites\/3\/2024\/12\/Foto-2-525-min-2.jpg\" alt=\"imobiliarias figueira da foz\" width=\"525\" height=\"231\" srcset=\"https:\/\/wp.omeuimo.pt\/imoexpansao\/wp-content\/uploads\/sites\/3\/2024\/12\/Foto-2-525-min-2.jpg 525w, https:\/\/wp.omeuimo.pt\/imoexpansao\/wp-content\/uploads\/sites\/3\/2024\/12\/Foto-2-525-min-2-300x132.jpg 300w\" sizes=\"auto, (max-width: 525px) 100vw, 525px\" \/><figcaption id=\"caption-attachment-4553\" class=\"wp-caption-text\">Fogo de Artif\u00edcio na Figueira da Foz<\/figcaption><\/figure>\n<h3><strong>Passagem de Ano em casa: decora\u00e7\u00e3o de festa<\/strong><\/h3>\n<p style=\"text-align: justify\">Para receber os amigos e\/ou a fam\u00edlia e juntos abra\u00e7arem o novo ano, \u00e9 importante preparar a casa. Este \u00e9 o pretexto para sacudir o p\u00f3 \u00e0queles\u00a0copos imaculados\u00a0que guarda para ocasi\u00f5es especiais e derramar brilhantes em todo o lado.<\/p>\n<p style=\"text-align: justify\">H\u00e1 formas f\u00e1ceis que n\u00e3o exigem muito e n\u00e3o esvaziam a carteira. Pode decorar somente um canto da casa ou a\u00a0sala inteira\u00a0com enfeites alusivos \u00e0 \u00e9poca.<\/p>\n<p style=\"text-align: justify\">Usa uma\u00a0cortina decorativa\u00a0com franjas em tons dourados ou prateados<\/p>\n<p style=\"text-align: justify\">Enche a casa de bal\u00f5es. Estes podem ter os n\u00fameros de 2025 e\/ou a forma de uma\u00a0garrafa de champanhe;<\/p>\n<p style=\"text-align: justify\">Com fita adesiva pendura v\u00e1rios fios transparentes de nylon na parede e depois amarra-lhe os bal\u00f5es, j\u00e1 cheios, mas com diferentes tamanhos, de modo a transmitir a sensa\u00e7\u00e3o de estarem a flutuar;<\/p>\n<p style=\"text-align: justify\">Ilumine a casa com\u00a0luzes\u00a0pois ajuda a criar uma atmosfera m\u00e1gica;<\/p>\n<p style=\"text-align: justify\">Espalhe\u00a0confettis ou serpentinas\u00a0douradas pelo ch\u00e3o e pelos m\u00f3veis;<\/p>\n<p style=\"text-align: justify\">Pendure uma\u00a0bola de espelho, j\u00e1 que atribuem um cunho festivo;<\/p>\n<p style=\"text-align: justify\">A toalha e\u00a0centro de mesa, assim como, os guardanapos podem ser tem\u00e1ticos;<\/p>\n<p style=\"text-align: justify\">Envolva a\u00a0mesa de jantar\u00a0com um saiote de franjas;<\/p>\n<p style=\"text-align: justify\">Prepare a coluna e a playlist, bem como os lan\u00e7a confettis;<\/p>\n<p style=\"text-align: justify\">Procura os jogos escondidos pela casa para animar a noite.<\/p>\n<p style=\"text-align: justify\">As tradi\u00e7\u00f5es t\u00eam sempre lugar \u00e0 mesa e quem fica em casa, n\u00e3o se escapa de aliment\u00e1-las. Em contagem decrescente, as passas s\u00e3o atiradas para dentro da boca, os tachos aparecem \u00e0 janela e, muito importante, n\u00e3o se deve esquecer de subir para cima da cadeira acenando bem alto com a maior nota que tiver na carteira.<\/p>\n<p style=\"text-align: justify\">Mas se h\u00e1 quem goste de seguir as supersti\u00e7\u00f5es e quem, por seu turno, abra m\u00e3o das amarras. O que mais importa \u00e9 que se sinta bem, confort\u00e1vel e quente porque o\u00a0frio em Portugal\u00a0n\u00e3o se rende na chegada a Janeiro.<\/p>\n<p style=\"text-align: justify\">Brilho, brilho e mais brilho \u00e9 o \u00fanico requisito que tanto pode estar estampado na roupa, no cal\u00e7ado ou nos acess\u00f3rios.<\/p>\n<figure id=\"attachment_4554\" aria-describedby=\"caption-attachment-4554\" style=\"width: 525px\" class=\"wp-caption alignleft\"><img loading=\"lazy\" decoding=\"async\" class=\"size-full wp-image-4554\" src=\"https:\/\/wp.omeuimo.pt\/imoexpansao\/wp-content\/uploads\/sites\/3\/2024\/12\/Foto-3-525-min-2.jpg\" alt=\"im\u00f3veis figueira da foz\" width=\"525\" height=\"350\" srcset=\"https:\/\/wp.omeuimo.pt\/imoexpansao\/wp-content\/uploads\/sites\/3\/2024\/12\/Foto-3-525-min-2.jpg 525w, https:\/\/wp.omeuimo.pt\/imoexpansao\/wp-content\/uploads\/sites\/3\/2024\/12\/Foto-3-525-min-2-300x200.jpg 300w\" sizes=\"auto, (max-width: 525px) 100vw, 525px\" \/><figcaption id=\"caption-attachment-4554\" class=\"wp-caption-text\">Foto by Freepik<\/figcaption><\/figure>\n<p style=\"text-align: justify\">O preto \u00e9 sempre um tom de elei\u00e7\u00e3o e descartamos a associa\u00e7\u00e3o \u00e0 m\u00e1 sorte. Inclusive h\u00e1 quem defenda que a\u00a0cor preta no ano novo\u00a0promove eleg\u00e2ncia, sofistica\u00e7\u00e3o e significa independ\u00eancia.<\/p>\n<p style=\"text-align: justify\">Vestidos pretos, roxos, azuis escuro ou prateados com brilhantes vestem, por esta altura, os manequins das montras das lojas. Os\u00a0dourados\u00a0tamb\u00e9m ganham especial destaque, quer seja em tops, vestidos ou casacos.<\/p>\n<p style=\"text-align: justify\">Os looks podem ser montados de diversas maneiras: um top com cal\u00e7as a condizer; um\u00a0vestido comprido ou midi; um macac\u00e3o; uma blusa de manga comprida e uma saia; ou ainda um conjunto mais executivo com um top, um blazer e umas cal\u00e7as ou cal\u00e7\u00e3o com todas as pe\u00e7as a transpirarem brilhantes.<\/p>\n<p style=\"text-align: justify\">Acima de tudo o importante \u00e9 divertir-se e receber com o sorriso no rosto 2025.<\/p>\n","protected":false},"excerpt":{"rendered":"<p>Com 2025 a anunciar-se este \u00e9 o guia de que precisa para as celebra\u00e7\u00f5es da passagem de ano A\u00a0passagem de ano\u00a0\u00e9 noite de festa, para sorrir afavelmente sobre o que j\u00e1 passou e celebrar aquilo que est\u00e1 por vir. A Figueira da Foz n\u00e3o foge \u00e0 regra e a autarquia figueirense preparou uma noite de &hellip; <\/p>\n<p class=\"link-more\"><a href=\"https:\/\/wp.omeuimo.pt\/imoexpansao\/reveillon-guia-para-receber-2025-em-grande-estilo\/\" class=\"more-link\">Continuar a ler <span class=\"screen-reader-text\">&#8220;R\u00e9veillon: guia para receber 2025 em grande estilo&#8221;<\/span><\/a><\/p>\n","protected":false},"author":2,"featured_media":0,"comment_status":"open","ping_status":"open","sticky":false,"template":"","format":"standard","meta":{"footnotes":""},"categories":[4],"tags":[],"class_list":["post-4555","post","type-post","status-publish","format-standard","hentry","category-diversos"],"yoast_meta":{"yoast_wpseo_title":"","yoast_wpseo_metadesc":"","yoast_wpseo_canonical":""},"_links":{"self":[{"href":"https:\/\/wp.omeuimo.pt\/imoexpansao\/wp-json\/wp\/v2\/posts\/4555","targetHints":{"allow":["GET"]}}],"collection":[{"href":"https:\/\/wp.omeuimo.pt\/imoexpansao\/wp-json\/wp\/v2\/posts"}],"about":[{"href":"https:\/\/wp.omeuimo.pt\/imoexpansao\/wp-json\/wp\/v2\/types\/post"}],"author":[{"embeddable":true,"href":"https:\/\/wp.omeuimo.pt\/imoexpansao\/wp-json\/wp\/v2\/users\/2"}],"replies":[{"embeddable":true,"href":"https:\/\/wp.omeuimo.pt\/imoexpansao\/wp-json\/wp\/v2\/comments?post=4555"}],"version-history":[{"count":8,"href":"https:\/\/wp.omeuimo.pt\/imoexpansao\/wp-json\/wp\/v2\/posts\/4555\/revisions"}],"predecessor-version":[{"id":4563,"href":"https:\/\/wp.omeuimo.pt\/imoexpansao\/wp-json\/wp\/v2\/posts\/4555\/revisions\/4563"}],"wp:attachment":[{"href":"https:\/\/wp.omeuimo.pt\/imoexpansao\/wp-json\/wp\/v2\/media?parent=4555"}],"wp:term":[{"taxonomy":"category","embeddable":true,"href":"https:\/\/wp.omeuimo.pt\/imoexpansao\/wp-json\/wp\/v2\/categories?post=4555"},{"taxonomy":"post_tag","embeddable":true,"href":"https:\/\/wp.omeuimo.pt\/imoexpansao\/wp-json\/wp\/v2\/tags?post=4555"}],"curies":[{"name":"wp","href":"https:\/\/api.w.org\/{rel}","templated":true}]}}