{"id":4678,"date":"2025-03-10T16:11:27","date_gmt":"2025-03-10T16:11:27","guid":{"rendered":"https:\/\/wp.omeuimo.pt\/imoexpansao\/?p=4678"},"modified":"2025-03-10T17:18:00","modified_gmt":"2025-03-10T17:18:00","slug":"a-habitacao-uma-forma-de-bem-estar-social","status":"publish","type":"post","link":"https:\/\/wp.omeuimo.pt\/imoexpansao\/a-habitacao-uma-forma-de-bem-estar-social\/","title":{"rendered":"A Habita\u00e7\u00e3o: Uma Forma de Bem-Estar Social"},"content":{"rendered":"<p style=\"text-align: justify\">A habita\u00e7\u00e3o desempenha um papel fundamental na qualidade de vida dos indiv\u00edduos e no bem-estar social das comunidades. Mais do que um simples abrigo, uma casa representa seguran\u00e7a, conforto e dignidade. O acesso a uma habita\u00e7\u00e3o adequada \u00e9 um direito fundamental reconhecido internacionalmente e um elemento essencial para a inclus\u00e3o social e a estabilidade econ\u00f3mica. No entanto, os desafios associados ao acesso \u00e0 habita\u00e7\u00e3o continuam a ser uma realidade em muitas regi\u00f5es, incluindo Portugal.<\/p>\n<p><img loading=\"lazy\" decoding=\"async\" class=\"alignleft size-full wp-image-4675\" src=\"https:\/\/wp.omeuimo.pt\/imoexpansao\/wp-content\/uploads\/sites\/3\/2025\/03\/Habitacao-Saudavel-1-525-min.jpg\" alt=\"imoveis figueira da foz\" width=\"525\" height=\"350\" srcset=\"https:\/\/wp.omeuimo.pt\/imoexpansao\/wp-content\/uploads\/sites\/3\/2025\/03\/Habitacao-Saudavel-1-525-min.jpg 525w, https:\/\/wp.omeuimo.pt\/imoexpansao\/wp-content\/uploads\/sites\/3\/2025\/03\/Habitacao-Saudavel-1-525-min-300x200.jpg 300w\" sizes=\"auto, (max-width: 525px) 100vw, 525px\" \/><\/p>\n<p style=\"text-align: justify\">\n<h3>O Papel da Habita\u00e7\u00e3o na Qualidade de Vida<\/h3>\n<p style=\"text-align: justify\">Uma habita\u00e7\u00e3o de qualidade impacta directamente v\u00e1rios aspectos da vida quotidiana. Em primeiro lugar, proporciona seguran\u00e7a f\u00edsica e psicol\u00f3gica. Viver num ambiente seguro e est\u00e1vel reduz o stress e a ansiedade, promovendo uma melhor sa\u00fade mental. Por outro lado, um lar inadequado, caracterizado por problemas como insalubridade, falta de aquecimento ou sobrelota\u00e7\u00e3o, pode ter efeitos negativos na sa\u00fade e no bem-estar dos seus ocupantes.<\/p>\n<p style=\"text-align: justify\">Al\u00e9m disso, a habita\u00e7\u00e3o influencia o desempenho educativo e profissional. Crian\u00e7as que crescem em condi\u00e7\u00f5es habitacionais prec\u00e1rias enfrentam dificuldades no acesso ao estudo, seja pela falta de espa\u00e7o adequado ou por condi\u00e7\u00f5es de insalubridade que afectam a sua sa\u00fade. Da mesma forma, adultos que vivem em situa\u00e7\u00f5es de habita\u00e7\u00e3o prec\u00e1ria podem ter mais dificuldade em encontrar ou manter um emprego, devido \u00e0 instabilidade do seu quotidiano.<\/p>\n<p style=\"text-align: justify\">\n<h3>O Desafio do Acesso \u00e0 Habita\u00e7\u00e3o em Portugal<\/h3>\n<p style=\"text-align: justify\">Portugal tem enfrentado desafios significativos no sector habitacional, especialmente no que diz respeito \u00e0 acessibilidade econ\u00f3mica. O aumento do custo das rendas e dos pre\u00e7os das habita\u00e7\u00f5es nos \u00faltimos anos tem dificultado o acesso \u00e0 casa pr\u00f3pria para muitos cidad\u00e3os. Este problema \u00e9 agravado pelo turismo e pela especula\u00e7\u00e3o imobili\u00e1ria, que t\u00eam elevado os pre\u00e7os nas principais cidades, como Lisboa e Porto, tornando a habita\u00e7\u00e3o inacess\u00edvel para uma grande parte da popula\u00e7\u00e3o.<\/p>\n<p style=\"text-align: justify\">Outro desafio importante \u00e9 a habita\u00e7\u00e3o social. Embora existam programas governamentais destinados a apoiar fam\u00edlias em situa\u00e7\u00e3o de vulnerabilidade, a oferta de habita\u00e7\u00e3o social \u00e9 ainda insuficiente para responder \u00e0 procura. Muitos agregados familiares continuam a viver em condi\u00e7\u00f5es de habita\u00e7\u00e3o prec\u00e1ria, com impacto directo no seu bem-estar e na sua integra\u00e7\u00e3o social.<\/p>\n<p><img loading=\"lazy\" decoding=\"async\" class=\"alignleft size-full wp-image-4676\" src=\"https:\/\/wp.omeuimo.pt\/imoexpansao\/wp-content\/uploads\/sites\/3\/2025\/03\/Habitacao-Saudavel-2-525-min.jpg\" alt=\"imobiliarias figueira da foz\" width=\"525\" height=\"295\" srcset=\"https:\/\/wp.omeuimo.pt\/imoexpansao\/wp-content\/uploads\/sites\/3\/2025\/03\/Habitacao-Saudavel-2-525-min.jpg 525w, https:\/\/wp.omeuimo.pt\/imoexpansao\/wp-content\/uploads\/sites\/3\/2025\/03\/Habitacao-Saudavel-2-525-min-300x169.jpg 300w\" sizes=\"auto, (max-width: 525px) 100vw, 525px\" \/><\/p>\n<p style=\"text-align: justify\">\n<h3>Pol\u00edticas P\u00fablicas e Solu\u00e7\u00f5es Poss\u00edveis<\/h3>\n<p style=\"text-align: justify\">Para garantir o acesso equitativo \u00e0 habita\u00e7\u00e3o, s\u00e3o necess\u00e1rias pol\u00edticas p\u00fablicas eficazes. Uma das solu\u00e7\u00f5es passa pelo refor\u00e7o da habita\u00e7\u00e3o social, atrav\u00e9s da constru\u00e7\u00e3o de novos empreendimentos acess\u00edveis e da reabilita\u00e7\u00e3o dos existentes. O Estado pode tamb\u00e9m incentivar a adop\u00e7\u00e3o de programas de arrendamento acess\u00edvel, promovendo o uso de im\u00f3veis devolutos e garantindo condi\u00e7\u00f5es mais justas para os arrendat\u00e1rios.<\/p>\n<p style=\"text-align: justify\">A regulamenta\u00e7\u00e3o do mercado imobili\u00e1rio \u00e9 outra medida fundamental. Controlar a especula\u00e7\u00e3o e limitar o impacto do alojamento local pode contribuir para a estabiliza\u00e7\u00e3o dos pre\u00e7os e evitar a gentrifica\u00e7\u00e3o excessiva das cidades. Al\u00e9m disso, devem ser promovidos incentivos \u00e0 reabilita\u00e7\u00e3o urbana, permitindo que edif\u00edcios antigos sejam recuperados e utilizados para habita\u00e7\u00e3o a pre\u00e7os acess\u00edveis.<\/p>\n<p style=\"text-align: justify\">A inova\u00e7\u00e3o na constru\u00e7\u00e3o tamb\u00e9m pode ser uma aliada. A aposta em habita\u00e7\u00f5es sustent\u00e1veis, modulares e de baixo custo pode representar uma alternativa vi\u00e1vel para enfrentar a crise habitacional. Estas solu\u00e7\u00f5es, aliadas a um planeamento urbano eficiente, podem melhorar a qualidade de vida das popula\u00e7\u00f5es sem comprometer o meio ambiente.<\/p>\n<p><img loading=\"lazy\" decoding=\"async\" class=\"alignleft size-full wp-image-4677\" src=\"https:\/\/wp.omeuimo.pt\/imoexpansao\/wp-content\/uploads\/sites\/3\/2025\/03\/Habitacao-Saudavel-3-525-min.jpg\" alt=\"comprar casa figueira da foz\" width=\"525\" height=\"295\" srcset=\"https:\/\/wp.omeuimo.pt\/imoexpansao\/wp-content\/uploads\/sites\/3\/2025\/03\/Habitacao-Saudavel-3-525-min.jpg 525w, https:\/\/wp.omeuimo.pt\/imoexpansao\/wp-content\/uploads\/sites\/3\/2025\/03\/Habitacao-Saudavel-3-525-min-300x169.jpg 300w\" sizes=\"auto, (max-width: 525px) 100vw, 525px\" \/><\/p>\n<p style=\"text-align: justify\">\n<h3>Conclus\u00e3o<\/h3>\n<p style=\"text-align: justify\">A habita\u00e7\u00e3o \u00e9 mais do que um tecto sobre a cabe\u00e7a; \u00e9 um factor determinante para o bem-estar social, a estabilidade econ\u00f3mica e a qualidade de vida. Em Portugal, os desafios relacionados com a acessibilidade \u00e0 habita\u00e7\u00e3o exigem uma resposta eficaz por parte das entidades p\u00fablicas e privadas. A implementa\u00e7\u00e3o de pol\u00edticas habitacionais inclusivas e sustent\u00e1veis \u00e9 essencial para garantir que todos os cidad\u00e3os tenham acesso a uma casa digna, promovendo assim uma sociedade mais justa e equitativa.<\/p>\n","protected":false},"excerpt":{"rendered":"<p>A habita\u00e7\u00e3o desempenha um papel fundamental na qualidade de vida dos indiv\u00edduos e no bem-estar social das comunidades. Mais do que um simples abrigo, uma casa representa seguran\u00e7a, conforto e dignidade. O acesso a uma habita\u00e7\u00e3o adequada \u00e9 um direito fundamental reconhecido internacionalmente e um elemento essencial para a inclus\u00e3o social e a estabilidade econ\u00f3mica. &hellip; <\/p>\n<p class=\"link-more\"><a href=\"https:\/\/wp.omeuimo.pt\/imoexpansao\/a-habitacao-uma-forma-de-bem-estar-social\/\" class=\"more-link\">Continuar a ler <span class=\"screen-reader-text\">&#8220;A Habita\u00e7\u00e3o: Uma Forma de Bem-Estar Social&#8221;<\/span><\/a><\/p>\n","protected":false},"author":2,"featured_media":0,"comment_status":"open","ping_status":"open","sticky":false,"template":"","format":"standard","meta":{"footnotes":""},"categories":[4],"tags":[],"class_list":["post-4678","post","type-post","status-publish","format-standard","hentry","category-diversos"],"yoast_meta":{"yoast_wpseo_title":"","yoast_wpseo_metadesc":"","yoast_wpseo_canonical":""},"_links":{"self":[{"href":"https:\/\/wp.omeuimo.pt\/imoexpansao\/wp-json\/wp\/v2\/posts\/4678","targetHints":{"allow":["GET"]}}],"collection":[{"href":"https:\/\/wp.omeuimo.pt\/imoexpansao\/wp-json\/wp\/v2\/posts"}],"about":[{"href":"https:\/\/wp.omeuimo.pt\/imoexpansao\/wp-json\/wp\/v2\/types\/post"}],"author":[{"embeddable":true,"href":"https:\/\/wp.omeuimo.pt\/imoexpansao\/wp-json\/wp\/v2\/users\/2"}],"replies":[{"embeddable":true,"href":"https:\/\/wp.omeuimo.pt\/imoexpansao\/wp-json\/wp\/v2\/comments?post=4678"}],"version-history":[{"count":4,"href":"https:\/\/wp.omeuimo.pt\/imoexpansao\/wp-json\/wp\/v2\/posts\/4678\/revisions"}],"predecessor-version":[{"id":4682,"href":"https:\/\/wp.omeuimo.pt\/imoexpansao\/wp-json\/wp\/v2\/posts\/4678\/revisions\/4682"}],"wp:attachment":[{"href":"https:\/\/wp.omeuimo.pt\/imoexpansao\/wp-json\/wp\/v2\/media?parent=4678"}],"wp:term":[{"taxonomy":"category","embeddable":true,"href":"https:\/\/wp.omeuimo.pt\/imoexpansao\/wp-json\/wp\/v2\/categories?post=4678"},{"taxonomy":"post_tag","embeddable":true,"href":"https:\/\/wp.omeuimo.pt\/imoexpansao\/wp-json\/wp\/v2\/tags?post=4678"}],"curies":[{"name":"wp","href":"https:\/\/api.w.org\/{rel}","templated":true}]}}