{"id":4686,"date":"2025-03-14T21:02:43","date_gmt":"2025-03-14T21:02:43","guid":{"rendered":"https:\/\/wp.omeuimo.pt\/imoexpansao\/?p=4686"},"modified":"2025-03-15T09:30:19","modified_gmt":"2025-03-15T09:30:19","slug":"certificado-energetico-como-pode-influenciar-a-venda-da-casa","status":"publish","type":"post","link":"https:\/\/wp.omeuimo.pt\/imoexpansao\/certificado-energetico-como-pode-influenciar-a-venda-da-casa\/","title":{"rendered":"Certificado energ\u00e9tico: como pode influenciar a venda da casa?"},"content":{"rendered":"<p style=\"text-align: justify\">Uma boa classifica\u00e7\u00e3o energ\u00e9tica pode aumentar o valor percebido do im\u00f3vel, tornando-o mais competitivo no mercado imobili\u00e1rio.<\/p>\n<figure id=\"attachment_4683\" aria-describedby=\"caption-attachment-4683\" style=\"width: 525px\" class=\"wp-caption aligncenter\"><img loading=\"lazy\" decoding=\"async\" class=\"size-full wp-image-4683\" src=\"https:\/\/wp.omeuimo.pt\/imoexpansao\/wp-content\/uploads\/sites\/3\/2025\/03\/Foto-1-Freepik-525.jpg\" alt=\"imobiliarias figueira da foz\" width=\"525\" height=\"525\" srcset=\"https:\/\/wp.omeuimo.pt\/imoexpansao\/wp-content\/uploads\/sites\/3\/2025\/03\/Foto-1-Freepik-525.jpg 525w, https:\/\/wp.omeuimo.pt\/imoexpansao\/wp-content\/uploads\/sites\/3\/2025\/03\/Foto-1-Freepik-525-150x150.jpg 150w, https:\/\/wp.omeuimo.pt\/imoexpansao\/wp-content\/uploads\/sites\/3\/2025\/03\/Foto-1-Freepik-525-300x300.jpg 300w, https:\/\/wp.omeuimo.pt\/imoexpansao\/wp-content\/uploads\/sites\/3\/2025\/03\/Foto-1-Freepik-525-100x100.jpg 100w\" sizes=\"auto, (max-width: 525px) 100vw, 525px\" \/><figcaption id=\"caption-attachment-4683\" class=\"wp-caption-text\">Cr\u00e9ditos: Freepik<\/figcaption><\/figure>\n<p style=\"text-align: justify\">Nos \u00faltimos anos o\u00a0<strong>certificado energ\u00e9tico\u00a0<\/strong>tem sido muito falado no mercado imobili\u00e1rio. \u00c9 um documento essencial para\u00a0<strong>vender ou arrendar uma propriedade<\/strong>\u00a0e que avalia a efici\u00eancia energ\u00e9tica. E porque \u00e9 t\u00e3o importante na venda de uma casa?<\/p>\n<p style=\"text-align: justify\">Pode influenciar o valor e o interesse de um im\u00f3vel, dependendo da letra designada. De seguida explicamos como \u00e9 que o certificado pode impactar a venda da sua casa e quais as implica\u00e7\u00f5es legais associadas.<\/p>\n<p style=\"text-align: justify\">-O certificado energ\u00e9tico \u00e9 obrigat\u00f3rio<\/p>\n<p style=\"text-align: justify\">-Vantagens do certificado energ\u00e9tico<\/p>\n<p style=\"text-align: justify\">-Como melhorar a certifica\u00e7\u00e3o energ\u00e9tica da tua casa<\/p>\n<h3>O certificado energ\u00e9tico \u00e9 obrigat\u00f3rio<\/h3>\n<figure id=\"attachment_4684\" aria-describedby=\"caption-attachment-4684\" style=\"width: 525px\" class=\"wp-caption aligncenter\"><img loading=\"lazy\" decoding=\"async\" class=\"size-full wp-image-4684\" src=\"https:\/\/wp.omeuimo.pt\/imoexpansao\/wp-content\/uploads\/sites\/3\/2025\/03\/Foto-2-Imoexpansao-525.jpg\" alt=\"imoveis figueira da foz\" width=\"525\" height=\"743\" srcset=\"https:\/\/wp.omeuimo.pt\/imoexpansao\/wp-content\/uploads\/sites\/3\/2025\/03\/Foto-2-Imoexpansao-525.jpg 525w, https:\/\/wp.omeuimo.pt\/imoexpansao\/wp-content\/uploads\/sites\/3\/2025\/03\/Foto-2-Imoexpansao-525-212x300.jpg 212w\" sizes=\"auto, (max-width: 525px) 100vw, 525px\" \/><figcaption id=\"caption-attachment-4684\" class=\"wp-caption-text\">Cr\u00e9ditos: Imoexpans\u00e3o<\/figcaption><\/figure>\n<p style=\"text-align: justify\">O\u00a0<strong>certificado energ\u00e9tico<\/strong>\u00a0avalia a efici\u00eancia energ\u00e9tica de um im\u00f3vel, classificando-o numa escala de A+ a F. O A+ refere-se a um\u00a0<strong>im\u00f3vel muito eficiente<\/strong>\u00a0e o G a uma propriedade pouco eficiente.\u00a0\u00c9 obrigat\u00f3rio\u00a0desde 2008, para todos os edif\u00edcios novos (Decreto-lei 78\/2006 &#8211; Portaria 461\/2007) e desde 2013 para todos os im\u00f3veis colocados em venda ou arrendamento (Decreto-Lei n\u00ba 118\/2013).<\/p>\n<p style=\"text-align: justify\">Atualmente n\u00e3o \u00e9 poss\u00edvel\u00a0<strong>vender uma casa<\/strong>\u00a0sem ter este\u00a0documento. Deve inclusive, publicitar apenas o im\u00f3vel se disp\u00f5es do certificado.<\/p>\n<h3>Vantagens do certificado energ\u00e9tico<\/h3>\n<p style=\"text-align: justify\">O\u00a0<strong>certificado energ\u00e9tico<\/strong>\u00a0\u00e9 definido ap\u00f3s verifica\u00e7\u00e3o de v\u00e1rios par\u00e2metros, que podem ir desde o\u00a0<strong>consumo de energia<\/strong>\u00a0no aquecimento\/arrefecimento da casa, at\u00e9 ao isolamento das janelas.<\/p>\n<p style=\"text-align: justify\">Quanto mais elevada for a letra de mais vantagens ter\u00e1 na hora da venda, porque:<\/p>\n<p style=\"text-align: justify\">-Poder\u00e1 usufruir de\u00a0<strong>benef\u00edcios fiscais<\/strong>\u00a0(IRS e IMI);<\/p>\n<p style=\"text-align: justify\">-O seu im\u00f3vel ter\u00e1 um\u00a0<strong>consumo menor<\/strong>, o que far\u00e1 com que a sua conta de\u00a0eletricidade\u00a0seja menor;<\/p>\n<p style=\"text-align: justify\">-Estar\u00e1 a contribuir para uma\u00a0<strong>melhor qualidade ambiental<\/strong>;<\/p>\n<p style=\"text-align: justify\">-Caso a letra do certificado for baixa podes sempre negociar o valor de venda ou arrendamento do seu im\u00f3vel;<\/p>\n<p style=\"text-align: justify\">-Im\u00f3veis com\u00a0<strong>sistemas solares t\u00e9rmicos<\/strong>\u00a0e isolamento eficiente s\u00e3o mais atrativos.<\/p>\n<figure id=\"attachment_4685\" aria-describedby=\"caption-attachment-4685\" style=\"width: 525px\" class=\"wp-caption aligncenter\"><img loading=\"lazy\" decoding=\"async\" class=\"size-full wp-image-4685\" src=\"https:\/\/wp.omeuimo.pt\/imoexpansao\/wp-content\/uploads\/sites\/3\/2025\/03\/Foto-3-Freepik-525.jpg\" alt=\"comprar casa figueira da foz\" width=\"525\" height=\"525\" srcset=\"https:\/\/wp.omeuimo.pt\/imoexpansao\/wp-content\/uploads\/sites\/3\/2025\/03\/Foto-3-Freepik-525.jpg 525w, https:\/\/wp.omeuimo.pt\/imoexpansao\/wp-content\/uploads\/sites\/3\/2025\/03\/Foto-3-Freepik-525-150x150.jpg 150w, https:\/\/wp.omeuimo.pt\/imoexpansao\/wp-content\/uploads\/sites\/3\/2025\/03\/Foto-3-Freepik-525-300x300.jpg 300w, https:\/\/wp.omeuimo.pt\/imoexpansao\/wp-content\/uploads\/sites\/3\/2025\/03\/Foto-3-Freepik-525-100x100.jpg 100w\" sizes=\"auto, (max-width: 525px) 100vw, 525px\" \/><figcaption id=\"caption-attachment-4685\" class=\"wp-caption-text\">Cr\u00e9ditos: Freepik<\/figcaption><\/figure>\n<h3>Como melhorar a certifica\u00e7\u00e3o energ\u00e9tica da tua casa<\/h3>\n<p style=\"text-align: justify\">Existem algumas medidas que pode tomar para tornar a sua\u00a0<strong>casa mais eficiente energeticamente<\/strong>. \u00c9 verdade que isso pode implicar algum investimento, mas que no futuro ir\u00e1 reverter-se em menos consumo e menos gastos. Aqui ficam alguns passos que deve seguir para ajudar a tornar a sua casa ainda mais eficiente:<\/p>\n<p style=\"text-align: justify\">-Substituir as suas janelas por umas de alum\u00ednio com corte t\u00e9rmico ou PVC A+, com\u00a0<strong>vidros duplos<\/strong>\u00a0e com uma caixa de ar de, pelo menos, 16 mm;<\/p>\n<p style=\"text-align: justify\">-Aplicar materiais como\u00a0<strong>l\u00e3 de vidro<\/strong>, l\u00e3 de rocha, espuma de poliuretano, poliestireno expandido, poliestireno extrudido ou aglomerado de corti\u00e7a nas paredes, para assim obter um melhor isolamento t\u00e9rmico;<\/p>\n<p style=\"text-align: justify\">Escolher uma forma de\u00a0aquecimento\u00a0de \u00e1gua sustent\u00e1vel (<strong>pain\u00e9is solares<\/strong>, esquentadores inteligentes, entre outros);<\/p>\n<p style=\"text-align: justify\">-Colocar pain\u00e9is solares fotovoltaicos;<\/p>\n<p style=\"text-align: justify\">-Optar por um meio de aquecimento, arrefecimento e ventila\u00e7\u00e3o sustent\u00e1vel, atrav\u00e9s do uso do\u00a0<strong>ar condicionado<\/strong>, por exemplo.<\/p>\n<h3 style=\"text-align: justify;font-size: 12px\">Ana Martins Santos, in Idealista, 9 Fevereiro 2025<\/h3>\n","protected":false},"excerpt":{"rendered":"<p>Uma boa classifica\u00e7\u00e3o energ\u00e9tica pode aumentar o valor percebido do im\u00f3vel, tornando-o mais competitivo no mercado imobili\u00e1rio. Nos \u00faltimos anos o\u00a0certificado energ\u00e9tico\u00a0tem sido muito falado no mercado imobili\u00e1rio. \u00c9 um documento essencial para\u00a0vender ou arrendar uma propriedade\u00a0e que avalia a efici\u00eancia energ\u00e9tica. E porque \u00e9 t\u00e3o importante na venda de uma casa? Pode influenciar o &hellip; <\/p>\n<p class=\"link-more\"><a href=\"https:\/\/wp.omeuimo.pt\/imoexpansao\/certificado-energetico-como-pode-influenciar-a-venda-da-casa\/\" class=\"more-link\">Continuar a ler <span class=\"screen-reader-text\">&#8220;Certificado energ\u00e9tico: como pode influenciar a venda da casa?&#8221;<\/span><\/a><\/p>\n","protected":false},"author":2,"featured_media":0,"comment_status":"open","ping_status":"open","sticky":false,"template":"","format":"standard","meta":{"footnotes":""},"categories":[4],"tags":[],"class_list":["post-4686","post","type-post","status-publish","format-standard","hentry","category-diversos"],"yoast_meta":{"yoast_wpseo_title":"","yoast_wpseo_metadesc":"","yoast_wpseo_canonical":""},"_links":{"self":[{"href":"https:\/\/wp.omeuimo.pt\/imoexpansao\/wp-json\/wp\/v2\/posts\/4686","targetHints":{"allow":["GET"]}}],"collection":[{"href":"https:\/\/wp.omeuimo.pt\/imoexpansao\/wp-json\/wp\/v2\/posts"}],"about":[{"href":"https:\/\/wp.omeuimo.pt\/imoexpansao\/wp-json\/wp\/v2\/types\/post"}],"author":[{"embeddable":true,"href":"https:\/\/wp.omeuimo.pt\/imoexpansao\/wp-json\/wp\/v2\/users\/2"}],"replies":[{"embeddable":true,"href":"https:\/\/wp.omeuimo.pt\/imoexpansao\/wp-json\/wp\/v2\/comments?post=4686"}],"version-history":[{"count":5,"href":"https:\/\/wp.omeuimo.pt\/imoexpansao\/wp-json\/wp\/v2\/posts\/4686\/revisions"}],"predecessor-version":[{"id":4692,"href":"https:\/\/wp.omeuimo.pt\/imoexpansao\/wp-json\/wp\/v2\/posts\/4686\/revisions\/4692"}],"wp:attachment":[{"href":"https:\/\/wp.omeuimo.pt\/imoexpansao\/wp-json\/wp\/v2\/media?parent=4686"}],"wp:term":[{"taxonomy":"category","embeddable":true,"href":"https:\/\/wp.omeuimo.pt\/imoexpansao\/wp-json\/wp\/v2\/categories?post=4686"},{"taxonomy":"post_tag","embeddable":true,"href":"https:\/\/wp.omeuimo.pt\/imoexpansao\/wp-json\/wp\/v2\/tags?post=4686"}],"curies":[{"name":"wp","href":"https:\/\/api.w.org\/{rel}","templated":true}]}}