{"id":4772,"date":"2025-04-20T19:45:10","date_gmt":"2025-04-20T18:45:10","guid":{"rendered":"https:\/\/wp.omeuimo.pt\/imoexpansao\/?p=4772"},"modified":"2025-04-16T15:55:23","modified_gmt":"2025-04-16T14:55:23","slug":"casas-de-nova-construcao-com-carregador-para-carros-eletricos","status":"publish","type":"post","link":"https:\/\/wp.omeuimo.pt\/imoexpansao\/casas-de-nova-construcao-com-carregador-para-carros-eletricos\/","title":{"rendered":"Casas de nova constru\u00e7\u00e3o com carregador para carros el\u00e9tricos"},"content":{"rendered":"<p style=\"text-align: justify\">S\u00e3o muitas as vantagens de investir numa habita\u00e7\u00e3o preparada para carregar ve\u00edculos el\u00e9tricos.<\/p>\n<p><img loading=\"lazy\" decoding=\"async\" class=\"alignleft size-full wp-image-4766\" style=\"padding: 10px\" src=\"https:\/\/wp.omeuimo.pt\/imoexpansao\/wp-content\/uploads\/sites\/3\/2025\/04\/Foto-1-525-min-1.jpg\" alt=\"imoveis figueira da foz\" width=\"525\" height=\"394\" srcset=\"https:\/\/wp.omeuimo.pt\/imoexpansao\/wp-content\/uploads\/sites\/3\/2025\/04\/Foto-1-525-min-1.jpg 525w, https:\/\/wp.omeuimo.pt\/imoexpansao\/wp-content\/uploads\/sites\/3\/2025\/04\/Foto-1-525-min-1-300x225.jpg 300w\" sizes=\"auto, (max-width: 525px) 100vw, 525px\" \/><\/p>\n<p style=\"text-align: justify\">O\u00a0processo de escolher a casa ideal para comprar, embora cativante, nunca \u00e9 tarefa f\u00e1cil. Isto porque \u00e9 preciso avaliar uma s\u00e9rie de fatores essenciais \u00e0 pessoa ou \u00e0 fam\u00edlia que nela ir\u00e1 habitar, de modo a corresponder ao m\u00e1ximo \u00e0s suas necessidades.<\/p>\n<p style=\"text-align: justify\">Nos \u00faltimos anos, com o surgimento dos\u00a0<strong>ve\u00edculos el\u00e9tricos\u00a0<\/strong>e com o crescimento da sua popularidade entre as fam\u00edlias portuguesas, a presen\u00e7a de\u00a0<strong>carregador ou pr\u00e9-instala\u00e7\u00e3o\u00a0<\/strong>para carregamento deste tipo de viaturas tem-se tornado um requisito importante para muitos compradores, principalmente os que procuram\u00a0<strong>casas de nova constru\u00e7\u00e3o<\/strong>, uma vez que grande parte destas habita\u00e7\u00f5es j\u00e1 possuem este equipamento.<\/p>\n<p style=\"text-align: justify\">Aqui vamos dar-lhe algumas dicas de\u00a0casas novas preparadas para carregar carros el\u00e9tricos. Para al\u00e9m disso, vamos mostrar alguns benef\u00edcios associados a esse tipo de ve\u00edculos e \u00e0s casas adaptadas aos mesmos.<\/p>\n<p style=\"text-align: justify\"><strong>1<\/strong>.Porqu\u00ea comprar casa preparada para carregar carros el\u00e9tricos?<\/p>\n<p style=\"text-align: justify\">1.1.Maior conveni\u00eancia<\/p>\n<p style=\"text-align: justify\">1.2.Maior seguran\u00e7a<\/p>\n<p style=\"text-align: justify\">1.3.Poupan\u00e7a de tempo<\/p>\n<p style=\"text-align: justify\">1.4.Aposta no futuro<\/p>\n<p style=\"text-align: justify\"><strong>2.<\/strong>Uma solu\u00e7\u00e3o amiga do ambiente<\/p>\n<p style=\"text-align: justify\"><strong>3.<\/strong>Carros el\u00e9tricos: Benef\u00edcios e incentivos financeiros<\/p>\n<p style=\"text-align: justify\"><strong>4.<\/strong>Consumo energ\u00e9tico em casa<\/p>\n<p style=\"text-align: justify\"><strong>5.<\/strong>Efeitos na valoriza\u00e7\u00e3o do im\u00f3vel<\/p>\n<p style=\"text-align: justify\"><strong>6.<\/strong>Encontra agora a tua nova casa com carregador para carros el\u00e9tricos<\/p>\n<h3>Porqu\u00ea comprar casa preparada para carregar carros el\u00e9tricos?<\/h3>\n<p><img loading=\"lazy\" decoding=\"async\" class=\"alignleft size-full wp-image-4767\" style=\"padding: 10px\" src=\"https:\/\/wp.omeuimo.pt\/imoexpansao\/wp-content\/uploads\/sites\/3\/2025\/04\/Foto-2-525-min-1.jpg\" alt=\"imobiliarias figueira da foz\" width=\"525\" height=\"295\" srcset=\"https:\/\/wp.omeuimo.pt\/imoexpansao\/wp-content\/uploads\/sites\/3\/2025\/04\/Foto-2-525-min-1.jpg 525w, https:\/\/wp.omeuimo.pt\/imoexpansao\/wp-content\/uploads\/sites\/3\/2025\/04\/Foto-2-525-min-1-300x169.jpg 300w\" sizes=\"auto, (max-width: 525px) 100vw, 525px\" \/><\/p>\n<p style=\"text-align: justify\">Se \u00e9 uma das pessoas que, mesmo tendo um carro el\u00e9trico, n\u00e3o v\u00ea necessidade de investir num im\u00f3vel preparado para o efeito, deixamos aqui algumas\u00a0<strong>vantagens\u00a0<\/strong>que o v\u00e3o fazer refletir melhor.<\/p>\n<p style=\"text-align: justify\"><strong>Maior conveni\u00eancia<\/strong><\/p>\n<p style=\"text-align: justify\">\u00c9 ineg\u00e1vel que \u00e9 muito mais conveniente poder carregar o seu autom\u00f3vel no\u00a0<strong>conforto da sua garagem<\/strong>\u00a0privativa ou garagem do condom\u00ednio, ao inv\u00e9s de o fazer na via p\u00fablica, nos\u00a0<strong>postos de carregamento<\/strong>.<\/p>\n<p style=\"text-align: justify\">Al\u00e9m disso, embora estes postos comecem a ser instalados em cada vez mais lugares de modo a facilitar a vida dos condutores destes ve\u00edculos, a verdade \u00e9 que ainda n\u00e3o s\u00e3o t\u00e3o presentes nas nossas ruas quanto gostar\u00edamos e muitas pessoas ainda sentem\u00a0<strong>dificuldade em encontrar um desses postos<\/strong>\u00a0que n\u00e3o se encontre a quil\u00f3metros de dist\u00e2ncia de casa.<\/p>\n<p style=\"text-align: justify\">Outro fator de conveni\u00eancia \u00e9 o facto de muitas casas de nova constru\u00e7\u00e3o j\u00e1 terem\u00a0<strong>carregador instalado nas garagens<\/strong>\u00a0e n\u00e3o apenas infraestrutura de pr\u00e9-instala\u00e7\u00e3o, evitando que os moradores tenham ainda de investir numa\u00a0<strong>wallbox<\/strong>.<\/p>\n<p style=\"text-align: justify\"><strong>Maior seguran\u00e7a<\/strong><\/p>\n<p style=\"text-align: justify\">Outra vantagem importante \u00e9 o facto de ter a certeza de que o seu carro est\u00e1 seguro enquanto o carregas, uma vez que est\u00e1 dentro de propriedade privada<strong>\u00a0<\/strong>e n\u00e3o na rua num\u00a0<strong>posto de carregamento p\u00fablico<\/strong>.<\/p>\n<p style=\"text-align: justify\">Ao fazer o\u00a0carregamento no conforto do seu lar, mais especificamente no conforto da garagem da sua casa ou condom\u00ednio, pode ficar muito mais descansado relativamente a\u00a0<strong>tentativa de furto ou vandalismo<\/strong>.<\/p>\n<p><img loading=\"lazy\" decoding=\"async\" class=\"alignleft size-full wp-image-4768\" style=\"padding: 10px\" src=\"https:\/\/wp.omeuimo.pt\/imoexpansao\/wp-content\/uploads\/sites\/3\/2025\/04\/Foto-3-525-min-1.jpg\" alt=\"comprar casa figueira da foz\" width=\"525\" height=\"350\" srcset=\"https:\/\/wp.omeuimo.pt\/imoexpansao\/wp-content\/uploads\/sites\/3\/2025\/04\/Foto-3-525-min-1.jpg 525w, https:\/\/wp.omeuimo.pt\/imoexpansao\/wp-content\/uploads\/sites\/3\/2025\/04\/Foto-3-525-min-1-300x200.jpg 300w\" sizes=\"auto, (max-width: 525px) 100vw, 525px\" \/><\/p>\n<p style=\"text-align: justify\"><strong>Poupan\u00e7a de tempo<\/strong><\/p>\n<p style=\"text-align: justify\">Se puder carregar o seu autom\u00f3vel na garagem\u00a0<strong>enquanto dorme<\/strong>\u00a0ou durante as horas em que est\u00e1 em casa, quantas horas n\u00e3o pouparia em desloca\u00e7\u00f5es desnecess\u00e1rias a postos de carregamento p\u00fablico juntamente com os &#8220;tempos mortos&#8221; enquanto o carro acaba de carregar?<\/p>\n<p style=\"text-align: justify\">Vamos ser realistas, na maioria das vezes n\u00e3o existe uma raz\u00e3o significativa para sair de casa que n\u00e3o o carregamento do autom\u00f3vel e, por isso, acabamos sempre por\u00a0<strong>ficar no carro \u00e0 espera<\/strong>\u00a0ou passar o tempo no caf\u00e9 mais pr\u00f3ximo.<\/p>\n<p style=\"text-align: justify\">Assim sendo, numa era em que vivemos t\u00e3o acelerados, porqu\u00ea gastar o seu precioso tempo a carregar o carro longe de casa quando pode faz\u00ea-lo bem pertinho e com mais seguran\u00e7a? Pense nisso.<\/p>\n<p style=\"text-align: justify\"><strong>Aposte no futuro<\/strong><\/p>\n<p style=\"text-align: justify\">Comprar uma casa de nova constru\u00e7\u00e3o com<strong>\u00a0carregador ou pr\u00e9-instala\u00e7\u00e3o para carregamento el\u00e9trico<\/strong>\u00a0n\u00e3o \u00e9 s\u00f3 uma op\u00e7\u00e3o para quem j\u00e1 possui este tipo de ve\u00edculos ou est\u00e1 a pensar adquirir um a curto prazo. \u00c9 tamb\u00e9m um investimento para o futuro.<\/p>\n<p style=\"text-align: justify\">Porqu\u00ea? \u00c9 simples. Ainda que isso n\u00e3o esteja para j\u00e1 nos seus planos, \u00e9 muito prov\u00e1vel que dentro de alguns anos, quando precisar de\u00a0comprar um carro novo, esse carro j\u00e1 seja el\u00e9trico ou h\u00edbrido. E nessa altura, a tarefa de carregar o autom\u00f3vel j\u00e1 n\u00e3o ser\u00e1 um problema.<\/p>\n<p style=\"text-align: justify\">Mas n\u00e3o s\u00f3. Investir numa habita\u00e7\u00e3o preparada para receber estes ve\u00edculos \u00e9 garantir que, em caso de venda futura da habita\u00e7\u00e3o, ter\u00e1 um\u00a0<strong>bom retorno financeiro<\/strong>, uma vez que a presen\u00e7a de infraestrutura de carregamento de carros el\u00e9tricos ser\u00e1 cada vez mais um requisito valorizado e necess\u00e1rio ao nosso quotidiano.<\/p>\n<h3>Uma solu\u00e7\u00e3o amiga do ambiente<\/h3>\n<p><img loading=\"lazy\" decoding=\"async\" class=\"alignleft size-full wp-image-4769\" style=\"padding: 10px\" src=\"https:\/\/wp.omeuimo.pt\/imoexpansao\/wp-content\/uploads\/sites\/3\/2025\/04\/Foto-4-525-min.jpg\" alt=\"comprar moradia figueira da foz\" width=\"525\" height=\"394\" srcset=\"https:\/\/wp.omeuimo.pt\/imoexpansao\/wp-content\/uploads\/sites\/3\/2025\/04\/Foto-4-525-min.jpg 525w, https:\/\/wp.omeuimo.pt\/imoexpansao\/wp-content\/uploads\/sites\/3\/2025\/04\/Foto-4-525-min-300x225.jpg 300w\" sizes=\"auto, (max-width: 525px) 100vw, 525px\" \/><\/p>\n<p style=\"text-align: justify\">O\u00a0<strong>mercado de ve\u00edculos el\u00e9tricos est\u00e1 a crescer<\/strong>\u00a0em Portugal e, aos poucos, a entrar tamb\u00e9m\u00a0suavemente no mercado imobili\u00e1rio. Podemos concluir facilmente que esta tend\u00eancia \u00e9 ben\u00e9fica em diversos n\u00edveis, sobretudo a n\u00edvel ambiental.<\/p>\n<p style=\"text-align: justify\">O meio ambiente \u00e9, sem d\u00favida, um dos mais beneficiados com tudo isto, uma vez que os autom\u00f3veis a combust\u00e3o t\u00eam vindo a ser, progressivamente, substitu\u00eddos pelos el\u00e9tricos,<strong>\u00a0reduzindo bastante a pegada de carbono<\/strong>.<\/p>\n<p style=\"text-align: justify\">Outro fator a considerar \u00e9 que comprar uma casa que j\u00e1 se encontra preparada para carregar uma viatura el\u00e9trica poder\u00e1 ser o empurr\u00e3o que precisa para investir nestas op\u00e7\u00f5es de mobilidade mais \u201c<strong>eco-friendly<\/strong>\u201d.<\/p>\n<h3>Carros el\u00e9tricos: Benef\u00edcios e incentivos financeiros<\/h3>\n<p><img loading=\"lazy\" decoding=\"async\" class=\"alignleft size-full wp-image-4770\" style=\"padding: 10px\" src=\"https:\/\/wp.omeuimo.pt\/imoexpansao\/wp-content\/uploads\/sites\/3\/2025\/04\/Foto-5-525-min.jpg\" alt=\"eco-friendly figueira da foz\" width=\"525\" height=\"394\" srcset=\"https:\/\/wp.omeuimo.pt\/imoexpansao\/wp-content\/uploads\/sites\/3\/2025\/04\/Foto-5-525-min.jpg 525w, https:\/\/wp.omeuimo.pt\/imoexpansao\/wp-content\/uploads\/sites\/3\/2025\/04\/Foto-5-525-min-300x225.jpg 300w\" sizes=\"auto, (max-width: 525px) 100vw, 525px\" \/><\/p>\n<p style=\"text-align: justify\">Aproveite a compra da sua nova casa preparada para carregar viaturas el\u00e9tricas para fazer outro bom investimento este ano:\u00a0<strong>comprar um ve\u00edculo amigo do ambiente<\/strong>.<\/p>\n<p style=\"text-align: justify\">Se tiver essa possibilidade, claro, acredita que ser\u00e3o dois excelentes investimentos que ir\u00e3o marcar pela positiva o teu ano de 2025. Isto porque h\u00e1 v\u00e1rias\u00a0<strong>vantagens financeiras e incentivos<\/strong>\u00a0associados \u00e0 compra de\u00a0ve\u00edculos el\u00e9tricos. Vamos ver quais:<\/p>\n<p style=\"text-align: justify\"><strong>-Incentivo de 4 mil euros na compra<\/strong>: no ato da compra do seu novo autom\u00f3vel el\u00e9trico, vai poder beneficiar de um incentivo de 4 mil euros. Contudo, esse incentivo depende de alguns fatores, como o autom\u00f3vel novo ter um\u00a0<strong>valor at\u00e9 38.500 euros<\/strong>; ter de entregar um ve\u00edculo a combust\u00e3o com mais de 10 anos para abate; e cumprir os requisitos definidos pelo\u00a0<strong>Fundo Ambiental<\/strong>.<\/p>\n<p style=\"text-align: justify\"><strong>-Incentivo de 50% na compra de motociclos, ciclomotores, triciclos e quadriciclos el\u00e9tricos<\/strong>: este apoio pode ir at\u00e9 2 mil euros por ve\u00edculo.<\/p>\n<p style=\"text-align: justify\"><strong>-Custos de manuten\u00e7\u00e3o reduzidos<\/strong>: a manuten\u00e7\u00e3o das viaturas el\u00e9tricos tem custos bastante inferiores comparativamente com os ve\u00edculos a combust\u00e3o.<\/p>\n<p style=\"text-align: justify\"><strong>-Isen\u00e7\u00e3o do pagamento de IUC<\/strong>.<\/p>\n<p style=\"text-align: justify\"><strong>-Isen\u00e7\u00e3o do pagamento de ISV<\/strong>.<\/p>\n<h3>Consumo energ\u00e9tico em casa<\/h3>\n<p><img loading=\"lazy\" decoding=\"async\" class=\"alignleft size-full wp-image-4771\" style=\"padding: 10px\" src=\"https:\/\/wp.omeuimo.pt\/imoexpansao\/wp-content\/uploads\/sites\/3\/2025\/04\/Foto-6-525-min.jpg\" alt=\"sunset figueira da foz\" width=\"525\" height=\"295\" srcset=\"https:\/\/wp.omeuimo.pt\/imoexpansao\/wp-content\/uploads\/sites\/3\/2025\/04\/Foto-6-525-min.jpg 525w, https:\/\/wp.omeuimo.pt\/imoexpansao\/wp-content\/uploads\/sites\/3\/2025\/04\/Foto-6-525-min-300x169.jpg 300w\" sizes=\"auto, (max-width: 525px) 100vw, 525px\" \/><\/p>\n<p style=\"text-align: justify\">Apesar de todas as vantagens que j\u00e1 mencion\u00e1mos ao longo deste artigo, importa alertar para o facto de o\u00a0<strong>consumo energ\u00e9tico no seu lar aumentar<\/strong>\u00a0consideravelmente ao carregar o seu autom\u00f3vel em casa.<\/p>\n<p style=\"text-align: justify\">No entanto, se a sua casa ou condom\u00ednio estiver equipado com\u00a0pain\u00e9is solares, os\u00a0<strong>custos de eletricidade reduzem<\/strong>\u00a0significativamente. Portanto, h\u00e1 que avaliar bem a situa\u00e7\u00e3o, pois neste caso continuar\u00e1 a ser bastante ben\u00e9fico carregar o seu ve\u00edculo no conforto e com a conveni\u00eancia do seu lar.<\/p>\n<p style=\"text-align: justify\">Al\u00e9m disso, ainda que a casa n\u00e3o possua pain\u00e9is solares, importa referir que os custos de carregamento em postos p\u00fablicos s\u00e3o mais altos do que em casa.<\/p>\n<h3>Efeitos na valoriza\u00e7\u00e3o do im\u00f3vel<\/h3>\n<p style=\"text-align: justify\">Se atualmente um im\u00f3vel j\u00e1 \u00e9 valorizado por estar preparado para carregar autom\u00f3veis el\u00e9tricos, imagina futuramente quando esse tipo de ve\u00edculo estiver presente na maioria das fam\u00edlias portuguesas.<\/p>\n<p style=\"text-align: justify\">Ao investir agora numa casa de nova constru\u00e7\u00e3o, porqu\u00ea n\u00e3o optar por uma que j\u00e1 tenha carregador e\u00a0<strong>pr\u00e9-instala\u00e7\u00e3o para carregar estas viaturas<\/strong>? Ao comprar uma casa nova j\u00e1 com esta solu\u00e7\u00e3o, est\u00e1 a assegurar\u00a0<strong>a valoriza\u00e7\u00e3o do teu im\u00f3vel<\/strong>, visto que a conveni\u00eancia de carregar o carro em casa ser\u00e1 um fator cada vez mais valorizado no futuro.<\/p>\n<h3 style=\"text-align: justify;font-size: 12px\">C\u00e1tia Cola\u00e7o, in Idealista, 5 Mar\u00e7o 2025<\/h3>\n","protected":false},"excerpt":{"rendered":"<p>S\u00e3o muitas as vantagens de investir numa habita\u00e7\u00e3o preparada para carregar ve\u00edculos el\u00e9tricos. O\u00a0processo de escolher a casa ideal para comprar, embora cativante, nunca \u00e9 tarefa f\u00e1cil. Isto porque \u00e9 preciso avaliar uma s\u00e9rie de fatores essenciais \u00e0 pessoa ou \u00e0 fam\u00edlia que nela ir\u00e1 habitar, de modo a corresponder ao m\u00e1ximo \u00e0s suas necessidades. &hellip; <\/p>\n<p class=\"link-more\"><a href=\"https:\/\/wp.omeuimo.pt\/imoexpansao\/casas-de-nova-construcao-com-carregador-para-carros-eletricos\/\" class=\"more-link\">Continuar a ler <span class=\"screen-reader-text\">&#8220;Casas de nova constru\u00e7\u00e3o com carregador para carros el\u00e9tricos&#8221;<\/span><\/a><\/p>\n","protected":false},"author":2,"featured_media":0,"comment_status":"open","ping_status":"open","sticky":false,"template":"","format":"standard","meta":{"footnotes":""},"categories":[4],"tags":[],"class_list":["post-4772","post","type-post","status-publish","format-standard","hentry","category-diversos"],"yoast_meta":{"yoast_wpseo_title":"","yoast_wpseo_metadesc":"","yoast_wpseo_canonical":""},"_links":{"self":[{"href":"https:\/\/wp.omeuimo.pt\/imoexpansao\/wp-json\/wp\/v2\/posts\/4772","targetHints":{"allow":["GET"]}}],"collection":[{"href":"https:\/\/wp.omeuimo.pt\/imoexpansao\/wp-json\/wp\/v2\/posts"}],"about":[{"href":"https:\/\/wp.omeuimo.pt\/imoexpansao\/wp-json\/wp\/v2\/types\/post"}],"author":[{"embeddable":true,"href":"https:\/\/wp.omeuimo.pt\/imoexpansao\/wp-json\/wp\/v2\/users\/2"}],"replies":[{"embeddable":true,"href":"https:\/\/wp.omeuimo.pt\/imoexpansao\/wp-json\/wp\/v2\/comments?post=4772"}],"version-history":[{"count":6,"href":"https:\/\/wp.omeuimo.pt\/imoexpansao\/wp-json\/wp\/v2\/posts\/4772\/revisions"}],"predecessor-version":[{"id":4778,"href":"https:\/\/wp.omeuimo.pt\/imoexpansao\/wp-json\/wp\/v2\/posts\/4772\/revisions\/4778"}],"wp:attachment":[{"href":"https:\/\/wp.omeuimo.pt\/imoexpansao\/wp-json\/wp\/v2\/media?parent=4772"}],"wp:term":[{"taxonomy":"category","embeddable":true,"href":"https:\/\/wp.omeuimo.pt\/imoexpansao\/wp-json\/wp\/v2\/categories?post=4772"},{"taxonomy":"post_tag","embeddable":true,"href":"https:\/\/wp.omeuimo.pt\/imoexpansao\/wp-json\/wp\/v2\/tags?post=4772"}],"curies":[{"name":"wp","href":"https:\/\/api.w.org\/{rel}","templated":true}]}}