{"id":5006,"date":"2025-08-01T21:20:19","date_gmt":"2025-08-01T20:20:19","guid":{"rendered":"https:\/\/wp.omeuimo.pt\/imoexpansao\/?p=5006"},"modified":"2025-08-02T11:30:49","modified_gmt":"2025-08-02T10:30:49","slug":"como-transformar-a-varanda-fechada-em-lavandaria","status":"publish","type":"post","link":"https:\/\/wp.omeuimo.pt\/imoexpansao\/como-transformar-a-varanda-fechada-em-lavandaria\/","title":{"rendered":"Como transformar a varanda fechada em lavandaria"},"content":{"rendered":"<p style=\"text-align: justify\">\u00c9 poss\u00edvel dar uma nova vida \u00e0 marquise. Eletrodom\u00e9sticos certos, arruma\u00e7\u00e3o vertical e outros truques que fazem a diferen\u00e7a.<\/p>\n<figure id=\"attachment_5001\" aria-describedby=\"caption-attachment-5001\" style=\"width: 525px\" class=\"wp-caption alignleft\"><img loading=\"lazy\" decoding=\"async\" class=\"size-full wp-image-5001\" src=\"https:\/\/wp.omeuimo.pt\/imoexpansao\/wp-content\/uploads\/sites\/3\/2025\/07\/Foto-1-Freepik-525-min-2.jpg\" alt=\"imobiliarias figueira da foz\" width=\"525\" height=\"349\" srcset=\"https:\/\/wp.omeuimo.pt\/imoexpansao\/wp-content\/uploads\/sites\/3\/2025\/07\/Foto-1-Freepik-525-min-2.jpg 525w, https:\/\/wp.omeuimo.pt\/imoexpansao\/wp-content\/uploads\/sites\/3\/2025\/07\/Foto-1-Freepik-525-min-2-300x199.jpg 300w\" sizes=\"auto, (max-width: 525px) 100vw, 525px\" \/><figcaption id=\"caption-attachment-5001\" class=\"wp-caption-text\">Cr\u00e9ditos: Freepik<\/figcaption><\/figure>\n<p style=\"text-align: justify\">Em muitas casas, especialmente em apartamentos urbanos, a\u00a0<strong>marquise\u00a0<\/strong>ou\u00a0<strong>varanda fechada<\/strong>\u00a0\u00e9 um daqueles espa\u00e7os que acaba esquecido, entre arruma\u00e7\u00e3o improvisada, zona de secar roupa e tralha acumulada.<\/p>\n<p style=\"text-align: justify\">No entanto, este pequeno canto pode ganhar um novo protagonismo.\u00a0<strong>Transformar a marquise em lavandaria<\/strong>\u00a0\u00e9 uma solu\u00e7\u00e3o pr\u00e1tica, est\u00e9tica e extremamente funcional, que responde a uma das maiores necessidades dom\u00e9sticas: ter um espa\u00e7o organizado para cuidar da roupa.<\/p>\n<h3>Porqu\u00ea transformar a marquise em lavandaria?<\/h3>\n<p style=\"text-align: justify\">Antes de mais, \u00e9 importante entender que esta \u00e9 uma das remodela\u00e7\u00f5es mais pr\u00e1ticas para a sua casa.<br \/>\n<strong>-Aproveitamento de espa\u00e7o \u201cmorto\u201d<\/strong>: Muitas marquises s\u00e3o subutilizadas, servindo apenas como zona de estendal ou armaz\u00e9m de coisas esquecidas;<br \/>\n<strong>-Liberta a cozinha ou casa de banho<\/strong>: Ao criar uma lavandaria dedicada, ganha-se espa\u00e7o e organiza\u00e7\u00e3o nas outras divis\u00f5es;<br \/>\n<strong>-Melhora o conforto e a funcionalidade<\/strong>: Ter a\u00a0roupa\u00a0suja, a m\u00e1quina de lavar e a arruma\u00e7\u00e3o num \u00fanico espa\u00e7o facilita a rotina dom\u00e9stica;<br \/>\n<strong>-Valoriza o im\u00f3vel<\/strong>: Um apartamento com lavandaria \u00e9 mais funcional e apelativo no mercado imobili\u00e1rio.<\/p>\n<figure id=\"attachment_5002\" aria-describedby=\"caption-attachment-5002\" style=\"width: 525px\" class=\"wp-caption alignleft\"><img loading=\"lazy\" decoding=\"async\" class=\"size-full wp-image-5002\" src=\"https:\/\/wp.omeuimo.pt\/imoexpansao\/wp-content\/uploads\/sites\/3\/2025\/07\/Foto-2-Freepik-525-min-2.jpg\" alt=\"imoveis figueira da foz\" width=\"525\" height=\"349\" srcset=\"https:\/\/wp.omeuimo.pt\/imoexpansao\/wp-content\/uploads\/sites\/3\/2025\/07\/Foto-2-Freepik-525-min-2.jpg 525w, https:\/\/wp.omeuimo.pt\/imoexpansao\/wp-content\/uploads\/sites\/3\/2025\/07\/Foto-2-Freepik-525-min-2-300x199.jpg 300w\" sizes=\"auto, (max-width: 525px) 100vw, 525px\" \/><figcaption id=\"caption-attachment-5002\" class=\"wp-caption-text\">Cr\u00e9ditos: Freepik<\/figcaption><\/figure>\n<h3>Avaliar o espa\u00e7o dispon\u00edvel: cada cent\u00edmetro conta<\/h3>\n<p style=\"text-align: justify\">Nem todas as marquises s\u00e3o iguais. O primeiro passo \u00e9 analisar o\u00a0espa\u00e7o. Com base nisso, pode planear a distribui\u00e7\u00e3o dos elementos: m\u00e1quinas, arm\u00e1rios, \u00e1rea de estendal e tudo aquilo que for poss\u00edvel no seu projeto.<\/p>\n<p style=\"text-align: justify\"><strong>-Medidas (largura, altura, profundidade)<\/strong>;<br \/>\n<strong>-Localiza\u00e7\u00e3o dos pontos de \u00e1gua e eletricidade<\/strong>;<br \/>\n<strong>-Tipo de pavimento e isolamento existente<\/strong>;<br \/>\n<strong>-Exposi\u00e7\u00e3o solar e ventila\u00e7\u00e3o natural<\/strong>.<\/p>\n<h3>Instala\u00e7\u00f5es essenciais: \u00e1gua, eletricidade e escoamento<\/h3>\n<p style=\"text-align: justify\">\u00c9 aconselh\u00e1vel consultar um\u00a0<strong>canalizador\u00a0<\/strong>e\u00a0<strong>eletricista\u00a0<\/strong>para garantir que tudo est\u00e1 conforme as normas de seguran\u00e7a. Se ainda n\u00e3o existem, \u00e9 necess\u00e1rio:<br \/>\n<strong>-Liga\u00e7\u00e3o de \u00e1gua fria e quente<\/strong>\u00a0para a m\u00e1quina de lavar e, opcionalmente, para um lavat\u00f3rio de apoio;<br \/>\n<strong>-Tomadas com liga\u00e7\u00e3o \u00e0 terra<\/strong>\u00a0para os eletrodom\u00e9sticos;<br \/>\n<strong>-Sistema de escoamento<\/strong>\u00a0para a \u00e1gua da m\u00e1quina;<br \/>\n<strong>-Ventila\u00e7\u00e3o adequada<\/strong>, especialmente se vais instalar uma m\u00e1quina de secar roupa.<\/p>\n<h3>Escolher os eletrodom\u00e9sticos certos<\/h3>\n<figure id=\"attachment_5003\" aria-describedby=\"caption-attachment-5003\" style=\"width: 525px\" class=\"wp-caption alignleft\"><img loading=\"lazy\" decoding=\"async\" class=\"size-full wp-image-5003\" src=\"https:\/\/wp.omeuimo.pt\/imoexpansao\/wp-content\/uploads\/sites\/3\/2025\/07\/Foto-3-Freepik-525-min-2.jpg\" alt=\"comprar casa figueira da foz\" width=\"525\" height=\"295\" srcset=\"https:\/\/wp.omeuimo.pt\/imoexpansao\/wp-content\/uploads\/sites\/3\/2025\/07\/Foto-3-Freepik-525-min-2.jpg 525w, https:\/\/wp.omeuimo.pt\/imoexpansao\/wp-content\/uploads\/sites\/3\/2025\/07\/Foto-3-Freepik-525-min-2-300x169.jpg 300w\" sizes=\"auto, (max-width: 525px) 100vw, 525px\" \/><figcaption id=\"caption-attachment-5003\" class=\"wp-caption-text\">Cr\u00e9ditos: Freepik<\/figcaption><\/figure>\n<p style=\"text-align: justify\">Num espa\u00e7o pequeno como a marquise, a escolha dos aparelhos \u00e9 fundamental.<br \/>\n<strong>-M\u00e1quina de lavar roupa compacta<\/strong>, modelos slim (com profundidade reduzida) permitem poupar espa\u00e7o;<br \/>\n<strong>-Secagem da roupa<\/strong>, pode optar por uma m\u00e1quina de secar com condensador (dispensa sa\u00edda de ar), m\u00e1quina de lavar e secar 2 em 1, ou um estendal retr\u00e1til ou de teto se n\u00e3o quiser m\u00e1quina de secar;<br \/>\n<strong>-Lava-lou\u00e7a pequeno<\/strong>, \u00fatil para pr\u00e9-lavagens ou lavagens manuais. Modelos em inox s\u00e3o dur\u00e1veis e f\u00e1ceis de manter.<\/p>\n<h3>Mobili\u00e1rio funcional e arruma\u00e7\u00e3o inteligente<\/h3>\n<p style=\"text-align: justify\">Um bom layout de lavandaria inclui zonas bem definidas:<\/p>\n<p style=\"text-align: justify\"><strong>-Zona de lavagem e secagem<\/strong>: espa\u00e7o para os eletrodom\u00e9sticos;<br \/>\n<strong>-Zona de passar a ferro<\/strong>, se houver espa\u00e7o, inclui uma bancada ou t\u00e1bua embutida;<br \/>\n<strong>-Arm\u00e1rios<\/strong> verticais com portas deslizantes para detergentes, cestos, toalhas;<span style=\"font-size: 1rem\"><br \/>\n<\/span><strong>-Prateleiras<\/strong>\u00a0acima da m\u00e1quina de lavar e\u00a0<strong>ganchos e suportes<\/strong>\u00a0na parede para vassouras e t\u00e1buas de engomar.<\/p>\n<p style=\"text-align: justify\">Para<strong>\u00a0facilitar o dia a dia<\/strong>, considera estas dicas:<br \/>\n-Etiquete os\u00a0<strong>cestos\u00a0<\/strong>e\u00a0<strong>prateleiras<\/strong>;<br \/>\n-Separe\u00a0<strong>roupa por cores<\/strong>\u00a0ou tipos em compartimentos;<br \/>\n-Use\u00a0<strong>frascos transparentes<\/strong>\u00a0para detergentes e amaciadores;<br \/>\n-Tenha um pequeno cesto para pe\u00fagas perdidas;<br \/>\n-Deixe um espa\u00e7o para <strong>arruma\u00e7\u00e3o tempor\u00e1ria<\/strong> de roupa limpa.<\/p>\n<h3>Revestimentos e materiais resistentes<\/h3>\n<figure id=\"attachment_5004\" aria-describedby=\"caption-attachment-5004\" style=\"width: 525px\" class=\"wp-caption alignleft\"><img loading=\"lazy\" decoding=\"async\" class=\"size-full wp-image-5004\" src=\"https:\/\/wp.omeuimo.pt\/imoexpansao\/wp-content\/uploads\/sites\/3\/2025\/07\/Foto-4-Freepik-525-min-2.jpg\" alt=\"agence immobiliere figueira da foz\" width=\"525\" height=\"350\" srcset=\"https:\/\/wp.omeuimo.pt\/imoexpansao\/wp-content\/uploads\/sites\/3\/2025\/07\/Foto-4-Freepik-525-min-2.jpg 525w, https:\/\/wp.omeuimo.pt\/imoexpansao\/wp-content\/uploads\/sites\/3\/2025\/07\/Foto-4-Freepik-525-min-2-300x200.jpg 300w\" sizes=\"auto, (max-width: 525px) 100vw, 525px\" \/><figcaption id=\"caption-attachment-5004\" class=\"wp-caption-text\">Cr\u00e9ditos: Freepik<\/figcaption><\/figure>\n<p style=\"text-align: justify\">Lembra-se: este \u00e9 um espa\u00e7o sujeito a humidade e varia\u00e7\u00f5es t\u00e9rmicas. Por isso:<\/p>\n<p style=\"text-align: justify\"><strong>-Piso cer\u00e2mico antiderrapante<\/strong>: f\u00e1cil de limpar e resistente;<br \/>\n<strong>-Revestimento de parede em azulejo ou vinil lav\u00e1vel<\/strong>;<br \/>\n<strong>-Teto falso com ilumina\u00e7\u00e3o embutida<\/strong>;<br \/>\n<strong>-M\u00f3veis em PVC, inox ou madeira tratada<\/strong>\u00a0para resistir \u00e0 humidade.<\/p>\n<h3>Ilumina\u00e7\u00e3o e ventila\u00e7\u00e3o<\/h3>\n<p style=\"text-align: justify\">Mesmo sendo um espa\u00e7o t\u00e9cnico, a lavandaria deve ser luminosa e bem ventilada.<\/p>\n<p style=\"text-align: justify\"><strong>-Ilumina\u00e7\u00e3o LED branca (4000K)<\/strong>\u00a0para maior visibilidade;<br \/>\n<strong>-Luz natural (quando poss\u00edvel)<\/strong>\u00a0atrav\u00e9s de janelas ou estores transl\u00facidos;<br \/>\n<strong>-Ventoinhas de extra\u00e7\u00e3o<\/strong>\u00a0ou grelhas de ar para evitar condensa\u00e7\u00f5es;<br \/>\n<strong>-Janela basculante ou venezianas<\/strong>\u00a0para circula\u00e7\u00e3o de ar, se permitido.<\/p>\n<h3>Isolamento t\u00e9rmico e ac\u00fastico<\/h3>\n<p style=\"text-align: justify\">Se vai transformar a marquise em lavandaria, considera:<br \/>\n<strong>-Vidros duplos<\/strong>\u00a0nas janelas para reduzir o ru\u00eddo das m\u00e1quinas;<br \/>\n<strong>-Portas com isolamento ac\u00fastico<\/strong>, principalmente se a marquise for pr\u00f3xima do quarto ou sala;<br \/>\n<strong>-Isolamento t\u00e9rmico no teto e paredes<\/strong>\u00a0para evitar perdas de calor ou condensa\u00e7\u00e3o.<\/p>\n<h3>Quanto custa transformar a marquise em lavandaria?<\/h3>\n<p style=\"text-align: justify\">O custo pode variar muito, mas aqui fica uma estimativa m\u00e9dia:<\/p>\n<table width=\"744\">\n<thead>\n<tr>\n<td><strong>Item<\/strong><\/td>\n<td><strong>Pre\u00e7o estimado<\/strong><\/td>\n<\/tr>\n<\/thead>\n<tbody>\n<tr>\n<td>M\u00e1quina de lavar (slim)<\/td>\n<td>300,00 \u20ac a 600,00 \u20ac<\/td>\n<\/tr>\n<tr>\n<td>M\u00f3veis modulares<\/td>\n<td>200,00 \u20ac a 800,00 \u20ac<\/td>\n<\/tr>\n<tr>\n<td>Instala\u00e7\u00f5es el\u00e9tricas e hidr\u00e1ulicas<\/td>\n<td>250,00 \u20ac a 500,00 \u20ac<\/td>\n<\/tr>\n<tr>\n<td>Revestimentos (piso\/parede)<\/td>\n<td>150,00 \u20ac a 400,00 \u20ac<\/td>\n<\/tr>\n<tr>\n<td>Ilumina\u00e7\u00e3o e ventila\u00e7\u00e3o<\/td>\n<td>80,00 \u20ac a 200,00 \u20ac<\/td>\n<\/tr>\n<tr>\n<td>M\u00e3o de obra (opcional)<\/td>\n<td>300,00 \u20ac a 600,00 \u20ac<\/td>\n<\/tr>\n<\/tbody>\n<\/table>\n<p style=\"text-align: justify\">Com criatividade e algum DIY, \u00e9 poss\u00edvel fazer tudo por menos de 1.000,00 \u20ac, dependendo da complexidade do projeto.<\/p>\n<h3>Precisa de licen\u00e7a ou autoriza\u00e7\u00e3o?<\/h3>\n<figure id=\"attachment_5005\" aria-describedby=\"caption-attachment-5005\" style=\"width: 525px\" class=\"wp-caption alignleft\"><img loading=\"lazy\" decoding=\"async\" class=\"size-full wp-image-5005\" src=\"https:\/\/wp.omeuimo.pt\/imoexpansao\/wp-content\/uploads\/sites\/3\/2025\/07\/Foto-5-Freepik-525-min-3.jpg\" alt=\"real estate agent figueira da foz\" width=\"525\" height=\"350\" srcset=\"https:\/\/wp.omeuimo.pt\/imoexpansao\/wp-content\/uploads\/sites\/3\/2025\/07\/Foto-5-Freepik-525-min-3.jpg 525w, https:\/\/wp.omeuimo.pt\/imoexpansao\/wp-content\/uploads\/sites\/3\/2025\/07\/Foto-5-Freepik-525-min-3-300x200.jpg 300w\" sizes=\"auto, (max-width: 525px) 100vw, 525px\" \/><figcaption id=\"caption-attachment-5005\" class=\"wp-caption-text\">Cr\u00e9ditos: Freepik<\/figcaption><\/figure>\n<p style=\"text-align: justify\">Depende do tipo de obra e do im\u00f3vel:<\/p>\n<p style=\"text-align: justify\">-Se n\u00e3o alterar estruturas e mantiveres a fachada inalterada,\u00a0<strong>n\u00e3o \u00e9 necess\u00e1rio licenciamento<\/strong>;<br \/>\n-Em condom\u00ednios, deve ser respeitado o\u00a0<strong>regulamento interno<\/strong>;<br \/>\n-Em\u00a0<strong>pr\u00e9dios antigos<\/strong>, conv\u00e9m confirmar com a c\u00e2mara municipal se a marquise \u00e9 legalizada.<\/p>\n<p style=\"text-align: justify\">O impacto de\u00a0<strong>transformar a marquise em lavandaria<\/strong>\u00a0pode ser enorme. A casa fica mais funcional, organizada e valorizada. Com um projeto bem executado, o espa\u00e7o que antes era esquecido passa a ser parte essencial e funcional do dia a dia da fam\u00edlia. E acima de tudo, se um dia quiser\u00a0<strong>vender a casa<\/strong>\u00a0vai ser um ponto de valoriza\u00e7\u00e3o.<\/p>\n<p style=\"text-align: justify\">Seja com um projeto simples e\u00a0econ\u00f3mico\u00a0ou com uma remodela\u00e7\u00e3o completa, o importante \u00e9 dar prop\u00f3sito a cada canto da casa \u2014 e a marquise pode muito bem ser o pr\u00f3ximo!<\/p>\n<h3 style=\"text-align: justify;font-size: 12px\">Catarina Beato, in Idealista, 17 Julho 2025<\/h3>\n","protected":false},"excerpt":{"rendered":"<p>\u00c9 poss\u00edvel dar uma nova vida \u00e0 marquise. Eletrodom\u00e9sticos certos, arruma\u00e7\u00e3o vertical e outros truques que fazem a diferen\u00e7a. Em muitas casas, especialmente em apartamentos urbanos, a\u00a0marquise\u00a0ou\u00a0varanda fechada\u00a0\u00e9 um daqueles espa\u00e7os que acaba esquecido, entre arruma\u00e7\u00e3o improvisada, zona de secar roupa e tralha acumulada. No entanto, este pequeno canto pode ganhar um novo protagonismo.\u00a0Transformar a &hellip; <\/p>\n<p class=\"link-more\"><a href=\"https:\/\/wp.omeuimo.pt\/imoexpansao\/como-transformar-a-varanda-fechada-em-lavandaria\/\" class=\"more-link\">Continuar a ler <span class=\"screen-reader-text\">&#8220;Como transformar a varanda fechada em lavandaria&#8221;<\/span><\/a><\/p>\n","protected":false},"author":2,"featured_media":0,"comment_status":"open","ping_status":"open","sticky":false,"template":"","format":"standard","meta":{"footnotes":""},"categories":[4],"tags":[],"class_list":["post-5006","post","type-post","status-publish","format-standard","hentry","category-diversos"],"yoast_meta":{"yoast_wpseo_title":"","yoast_wpseo_metadesc":"","yoast_wpseo_canonical":""},"_links":{"self":[{"href":"https:\/\/wp.omeuimo.pt\/imoexpansao\/wp-json\/wp\/v2\/posts\/5006","targetHints":{"allow":["GET"]}}],"collection":[{"href":"https:\/\/wp.omeuimo.pt\/imoexpansao\/wp-json\/wp\/v2\/posts"}],"about":[{"href":"https:\/\/wp.omeuimo.pt\/imoexpansao\/wp-json\/wp\/v2\/types\/post"}],"author":[{"embeddable":true,"href":"https:\/\/wp.omeuimo.pt\/imoexpansao\/wp-json\/wp\/v2\/users\/2"}],"replies":[{"embeddable":true,"href":"https:\/\/wp.omeuimo.pt\/imoexpansao\/wp-json\/wp\/v2\/comments?post=5006"}],"version-history":[{"count":16,"href":"https:\/\/wp.omeuimo.pt\/imoexpansao\/wp-json\/wp\/v2\/posts\/5006\/revisions"}],"predecessor-version":[{"id":5032,"href":"https:\/\/wp.omeuimo.pt\/imoexpansao\/wp-json\/wp\/v2\/posts\/5006\/revisions\/5032"}],"wp:attachment":[{"href":"https:\/\/wp.omeuimo.pt\/imoexpansao\/wp-json\/wp\/v2\/media?parent=5006"}],"wp:term":[{"taxonomy":"category","embeddable":true,"href":"https:\/\/wp.omeuimo.pt\/imoexpansao\/wp-json\/wp\/v2\/categories?post=5006"},{"taxonomy":"post_tag","embeddable":true,"href":"https:\/\/wp.omeuimo.pt\/imoexpansao\/wp-json\/wp\/v2\/tags?post=5006"}],"curies":[{"name":"wp","href":"https:\/\/api.w.org\/{rel}","templated":true}]}}