{"id":5056,"date":"2025-09-05T19:28:14","date_gmt":"2025-09-05T18:28:14","guid":{"rendered":"https:\/\/wp.omeuimo.pt\/imoexpansao\/?p=5056"},"modified":"2025-08-23T11:05:49","modified_gmt":"2025-08-23T10:05:49","slug":"extensao-garantia-de-electrodomesticos-como-funciona","status":"publish","type":"post","link":"https:\/\/wp.omeuimo.pt\/imoexpansao\/extensao-garantia-de-electrodomesticos-como-funciona\/","title":{"rendered":"Extens\u00e3o Garantia de electrodom\u00e9sticos, como funciona?"},"content":{"rendered":"<p style=\"text-align: justify\">5A extens\u00e3o da garantia \u00e9 um prolongamento da garantia legal dada pelo fabricante. Mas, aten\u00e7\u00e3o, tem custos e pode n\u00e3o compensar.<\/p>\n<p><img loading=\"lazy\" decoding=\"async\" class=\"alignleft size-full wp-image-5054\" src=\"https:\/\/wp.omeuimo.pt\/imoexpansao\/wp-content\/uploads\/sites\/3\/2025\/08\/Foto-1-Extensao-garantia-dos-eletrodomesticos-525-min.jpg\" alt=\"imobiliarias figueira da foz\" width=\"525\" height=\"350\" srcset=\"https:\/\/wp.omeuimo.pt\/imoexpansao\/wp-content\/uploads\/sites\/3\/2025\/08\/Foto-1-Extensao-garantia-dos-eletrodomesticos-525-min.jpg 525w, https:\/\/wp.omeuimo.pt\/imoexpansao\/wp-content\/uploads\/sites\/3\/2025\/08\/Foto-1-Extensao-garantia-dos-eletrodomesticos-525-min-300x200.jpg 300w\" sizes=\"auto, (max-width: 525px) 100vw, 525px\" \/><\/p>\n<p style=\"text-align: justify\">Ser\u00e1 que a extens\u00e3o de garantia que lhe \u00e9 proposta quando compra um electrodom\u00e9stico compensa? Sabia que a mesma n\u00e3o dada pelo fabricante, mas sim por uma seguradora?<\/p>\n<p style=\"text-align: justify\">Hoje vamos tentar reunir os <strong>principais pontos a ter em conta antes de tomar a decis\u00e3o de avan\u00e7ar, ou n\u00e3o, com uma extens\u00e3o de garantia<\/strong>.<\/p>\n<h3>Garantia legal dos electrodom\u00e9sticos novos \u00e9 de 3 anos.<\/h3>\n<p style=\"text-align: justify\">Os electrodom\u00e9sticos s\u00e3o considerados bens m\u00f3veis e, por isso, de acordo com o <a href=\"https:\/\/files.dre.pt\/1s\/2021\/10\/20200\/0000400029.pdf\" target=\"_blank\" rel=\"noopener\">Decreto Lei 84\/2021<\/a> de 18 de Outubro, t\u00eam uma garantia de 3 anos.<\/p>\n<p style=\"text-align: justify\">Mas, aten\u00e7\u00e3o, este prazo aplica-se a compras de bens novos feitas em lojas f\u00edsicas ou online, ou seja, <strong>n\u00e3o se aplica a bens usados nem a compras feitas a particulares<\/strong>.<\/p>\n<h3>A Garantia inicia-se quando recebo o electrodom\u00e9stico<\/h3>\n<p style=\"text-align: justify\">Esta \u00e9 uma quest\u00e3o que nem sempre temos em linha de conta, mas <strong>quando o electrodom\u00e9stico se avaria pode fazer toda a diferen\u00e7a<\/strong>.<\/p>\n<p style=\"text-align: justify\">O <strong>in\u00edcio do prazo de garantia n\u00e3o \u00e9 a data da compra, mas sim a data em que efectivamente recebe o equipamento<\/strong>. Se na altura em que comprou o electrodom\u00e9stico n\u00e3o o levou consigo, ent\u00e3o o prazo de garantia inicia-se nessa data.<\/p>\n<p style=\"text-align: justify\">Se, pelo contr\u00e1rio, comprou, por exemplo, um <strong>frigor\u00edfico que vai ser entregue posteriormente em sua casa, o prazo de garantia inicia-se ap\u00f3s a sua instala\u00e7\u00e3o<\/strong> pelo t\u00e9cnico (que pode n\u00e3o ser a data da entrega). <strong>Se for o caso, guarde todos os documentos<\/strong>: a fatura, a guia de entrega e o comprovativo de instala\u00e7\u00e3o. O prazo inicia-se no que se verificar mais tarde.<\/p>\n<h3>Prazo de garantia pode ser suspenso<\/h3>\n<p style=\"text-align: justify\">Se durante o prazo inicial da garantia o mesmo se avariar, o tempo de garantia \u00e9 suspenso enquanto o electrodom\u00e9stico n\u00e3o estiver nas suas m\u00e3os. Mais uma vez, lembre-se que <strong>deve guardar todos os comprovativos e certifique-se que est\u00e3o correctamente datados. Pois pode fazer toda a diferen\u00e7a em avarias posteriores<\/strong>.<\/p>\n<h3>Substitui\u00e7\u00e3o do electrodom\u00e9stico na garantia<\/h3>\n<p style=\"text-align: justify\">Em caso de avaria dentro do prazo de garantia se a solu\u00e7\u00e3o for receber um outro electrodom\u00e9stico tem direito a 3 anos de garantia. Mais uma vez a iniciar quando este lhe for entregue. <strong>Guarde consigo o documento que comprove a data e que recebeu um novo electrodom\u00e9stico. O prazo come\u00e7a a contar dessa data<\/strong>.<\/p>\n<h3>Garantia inicial \u00e9 dada pelo fabricante<\/h3>\n<p style=\"text-align: justify\">A <strong>garantia inicial \u00e9 do fabricante<\/strong>. Em caso de avaria dentro do prazo da mesma, ser\u00e1 este que se responsabilizar\u00e1 pela sua resolu\u00e7\u00e3o.<\/p>\n<h3 style=\"text-align: justify\">Extens\u00e3o da garantia n\u00e3o \u00e9 dada pelo fabricante<\/h3>\n<p style=\"text-align: justify\">A <strong>extens\u00e3o da garantia<\/strong> inicial \u00e9 uma prote\u00e7\u00e3o extra para al\u00e9m do per\u00edodo obrigat\u00f3rio por lei, mas <strong>n\u00e3o \u00e9 dada pelo fabricante, mas sim por uma seguradora<\/strong>.<\/p>\n<p style=\"text-align: justify\">Por essa raz\u00e3o, a <strong>garantia inicial n\u00e3o tem qualquer custo para si, mas uma extens\u00e3o de garantia tem<\/strong>.<\/p>\n<p style=\"text-align: justify\">Em caso de avaria fora do prazo da garantia inicial, <strong>mas ainda dentro de prazo da extens\u00e3o da garantia, \u00e9 a seguradora que se responsabiliza pela repara\u00e7\u00e3o<\/strong>. Mas este processo pode n\u00e3o ser f\u00e1cil de gerir j\u00e1 que a extens\u00e3o pode n\u00e3o ser t\u00e3o abrangente quanto a garantia inicial. <strong>Muitas vezes, s\u00f3 oferece suporte em condi\u00e7\u00f5es espec\u00edficas<\/strong>.<\/p>\n<p style=\"text-align: justify\">Assim, <strong>antes de decidir fazer a extens\u00e3o da garantia, deve ponderar o custo e analisar atentamente as condi\u00e7\u00f5es da mesma<\/strong>.<\/p>\n<p style=\"text-align: justify\">Lembre-se que as extens\u00f5es podem ter <strong>exclus\u00f5es ou condi\u00e7\u00f5es espec\u00edficas que desresponsabilizam a seguradora de reparar, substituir ou reembolsar o seu electrodom\u00e9stico<\/strong>.<\/p>\n<p><img loading=\"lazy\" decoding=\"async\" class=\"alignleft size-full wp-image-5055\" src=\"https:\/\/wp.omeuimo.pt\/imoexpansao\/wp-content\/uploads\/sites\/3\/2025\/08\/Foto-2-Extensao-garantia-dos-eletrodomesticos-525-min.jpg\" alt=\"imoveis figueira da foz\" width=\"525\" height=\"350\" srcset=\"https:\/\/wp.omeuimo.pt\/imoexpansao\/wp-content\/uploads\/sites\/3\/2025\/08\/Foto-2-Extensao-garantia-dos-eletrodomesticos-525-min.jpg 525w, https:\/\/wp.omeuimo.pt\/imoexpansao\/wp-content\/uploads\/sites\/3\/2025\/08\/Foto-2-Extensao-garantia-dos-eletrodomesticos-525-min-300x200.jpg 300w\" sizes=\"auto, (max-width: 525px) 100vw, 525px\" \/><\/p>\n<h3>Vantagens da extens\u00e3o da garantia<\/h3>\n<p style=\"text-align: justify\">Entre as <strong>vantagens da extens\u00e3o<\/strong> destacam-se aspectos como:<\/p>\n<p style=\"text-align: justify\">&#8211; Aumento do prazo de garantia, conferido maior seguran\u00e7a por ter mais tempo de suporte em caso de avaria.<\/p>\n<p style=\"text-align: justify\">&#8211; No caso de equipamentos mais caros, cuja repara\u00e7\u00e3o pode ser muito onerosa, diminui custos futuros que teriam de sair do seu or\u00e7amento.<\/p>\n<h3>Desvantagens da extens\u00e3o da garantia<\/h3>\n<p style=\"text-align: justify\">Em <strong>mat\u00e9ria de desvantagens<\/strong>, importa ter em conta os seguintes pontos:<\/p>\n<p style=\"text-align: justify\">&#8211; Pode n\u00e3o ser correctamente explicada pelo vendedor.<\/p>\n<p style=\"text-align: justify\">&#8211; N\u00e3o \u00e9 dada pelo fabricante, mas por uma seguradora.<\/p>\n<p style=\"text-align: justify\">&#8211; \u00a0Tem um custo, o que encarece o electrodom\u00e9stico na altura da compra.<\/p>\n<p style=\"text-align: justify\">&#8211; Muitas vezes dif\u00edcil de acionar.<\/p>\n<p style=\"text-align: justify\">&#8211; Implica a assinatura de um contrato espec\u00edfico que tem frequentemente exclus\u00f5es e\/ou condi\u00e7\u00f5es espec\u00edficas que desresponsabilizam a seguradora da repara\u00e7\u00e3o da avaria.<\/p>\n<h3>Vale mesmo a pena contratar a extens\u00e3o da garantia?<\/h3>\n<p style=\"text-align: justify\">Depende do equipamento em causa, do prazo do prolongamento da garantia e do seu custo.<\/p>\n<p style=\"text-align: justify\"><strong>Compare custo de substitui\u00e7\u00e3o com custo de extens\u00e3o<\/strong><\/p>\n<p style=\"text-align: justify\">Se for um electrodom\u00e9stico barato, como por exemplo uma varinha el\u00e9ctrica ou ferro de engomar, dificilmente compensa, a menos que o custo da extens\u00e3o seja muito baixo.<\/p>\n<p style=\"text-align: justify\"><strong>Analise as coberturas<\/strong><\/p>\n<p style=\"text-align: justify\">Este \u00e9 um ponto importante, j\u00e1 que <strong>conhecer bem as coberturas pode ser a chave para decidir fazer ou n\u00e3o a extens\u00e3o da garantia<\/strong>.<\/p>\n<p style=\"text-align: justify\">Por exemplo, comprou uma m\u00e1quina de lavar. A extens\u00e3o proposta foi de 50 \u20ac, o que \u00e0 partida pareceu vantajoso. No entanto, ao ler as coberturas verifica que a mesma s\u00f3 cobre avarias resultantes de quebra de electricidade. O arranjo de qualquer outra avaria \u00e9 por sua conta. Face a estas condi\u00e7\u00f5es, pode considerar n\u00e3o valer a pena.<\/p>\n<h3>Como acionar a extens\u00e3o<\/h3>\n<p style=\"text-align: justify\">Este \u00e9 outro ponto a ter em conta. Muitos destes contratos t\u00eam procedimentos confusos e dif\u00edceis de cumprir, pelo que na altura de acionar pode ser desmotivante e a complexidade pode lev\u00e1-lo a desistir. Se for o caso, pense 2 vezes se deve fazer a extens\u00e3o.<\/p>\n<h3 style=\"text-align: justify;font-size: 12px\">Cristina Sousa, in doutorfinan\u00e7as, 10 Mar\u00e7o 2022<\/h3>\n","protected":false},"excerpt":{"rendered":"<p>5A extens\u00e3o da garantia \u00e9 um prolongamento da garantia legal dada pelo fabricante. Mas, aten\u00e7\u00e3o, tem custos e pode n\u00e3o compensar. Ser\u00e1 que a extens\u00e3o de garantia que lhe \u00e9 proposta quando compra um electrodom\u00e9stico compensa? Sabia que a mesma n\u00e3o dada pelo fabricante, mas sim por uma seguradora? Hoje vamos tentar reunir os principais &hellip; <\/p>\n<p class=\"link-more\"><a href=\"https:\/\/wp.omeuimo.pt\/imoexpansao\/extensao-garantia-de-electrodomesticos-como-funciona\/\" class=\"more-link\">Continuar a ler <span class=\"screen-reader-text\">&#8220;Extens\u00e3o Garantia de electrodom\u00e9sticos, como funciona?&#8221;<\/span><\/a><\/p>\n","protected":false},"author":2,"featured_media":0,"comment_status":"open","ping_status":"open","sticky":false,"template":"","format":"standard","meta":{"footnotes":""},"categories":[4],"tags":[],"class_list":["post-5056","post","type-post","status-publish","format-standard","hentry","category-diversos"],"yoast_meta":{"yoast_wpseo_title":"","yoast_wpseo_metadesc":"","yoast_wpseo_canonical":""},"_links":{"self":[{"href":"https:\/\/wp.omeuimo.pt\/imoexpansao\/wp-json\/wp\/v2\/posts\/5056","targetHints":{"allow":["GET"]}}],"collection":[{"href":"https:\/\/wp.omeuimo.pt\/imoexpansao\/wp-json\/wp\/v2\/posts"}],"about":[{"href":"https:\/\/wp.omeuimo.pt\/imoexpansao\/wp-json\/wp\/v2\/types\/post"}],"author":[{"embeddable":true,"href":"https:\/\/wp.omeuimo.pt\/imoexpansao\/wp-json\/wp\/v2\/users\/2"}],"replies":[{"embeddable":true,"href":"https:\/\/wp.omeuimo.pt\/imoexpansao\/wp-json\/wp\/v2\/comments?post=5056"}],"version-history":[{"count":7,"href":"https:\/\/wp.omeuimo.pt\/imoexpansao\/wp-json\/wp\/v2\/posts\/5056\/revisions"}],"predecessor-version":[{"id":5063,"href":"https:\/\/wp.omeuimo.pt\/imoexpansao\/wp-json\/wp\/v2\/posts\/5056\/revisions\/5063"}],"wp:attachment":[{"href":"https:\/\/wp.omeuimo.pt\/imoexpansao\/wp-json\/wp\/v2\/media?parent=5056"}],"wp:term":[{"taxonomy":"category","embeddable":true,"href":"https:\/\/wp.omeuimo.pt\/imoexpansao\/wp-json\/wp\/v2\/categories?post=5056"},{"taxonomy":"post_tag","embeddable":true,"href":"https:\/\/wp.omeuimo.pt\/imoexpansao\/wp-json\/wp\/v2\/tags?post=5056"}],"curies":[{"name":"wp","href":"https:\/\/api.w.org\/{rel}","templated":true}]}}