{"id":5190,"date":"2025-12-12T21:20:07","date_gmt":"2025-12-12T21:20:07","guid":{"rendered":"https:\/\/wp.omeuimo.pt\/imoexpansao\/?p=5190"},"modified":"2025-12-10T11:45:14","modified_gmt":"2025-12-10T11:45:14","slug":"eu-apoio-falar-sobre-o-impacto-das-fake-news-o-papel-das-redes-sociais-e-a-influencia-dos-algoritmos-na-formacao-da-opiniao-publica","status":"publish","type":"post","link":"https:\/\/wp.omeuimo.pt\/imoexpansao\/eu-apoio-falar-sobre-o-impacto-das-fake-news-o-papel-das-redes-sociais-e-a-influencia-dos-algoritmos-na-formacao-da-opiniao-publica\/","title":{"rendered":"EU APOIO&#8230; Falar sobre o impacto das fake news, o papel das redes sociais e a influ\u00eancia dos algoritmos na forma\u00e7\u00e3o da opini\u00e3o p\u00fablica."},"content":{"rendered":"<figure id=\"attachment_5189\" aria-describedby=\"caption-attachment-5189\" style=\"width: 525px\" class=\"wp-caption alignleft\"><img loading=\"lazy\" decoding=\"async\" class=\"size-full wp-image-5189\" src=\"https:\/\/wp.omeuimo.pt\/imoexpansao\/wp-content\/uploads\/sites\/3\/2025\/12\/FAKE-525-min.jpg\" alt=\"Comprar casa figueira da foz\" width=\"525\" height=\"239\" srcset=\"https:\/\/wp.omeuimo.pt\/imoexpansao\/wp-content\/uploads\/sites\/3\/2025\/12\/FAKE-525-min.jpg 525w, https:\/\/wp.omeuimo.pt\/imoexpansao\/wp-content\/uploads\/sites\/3\/2025\/12\/FAKE-525-min-300x137.jpg 300w\" sizes=\"auto, (max-width: 525px) 100vw, 525px\" \/><figcaption id=\"caption-attachment-5189\" class=\"wp-caption-text\">in Di\u00e1rio de Coimbra (05 Dezembro 2025)<\/figcaption><\/figure>\n<p style=\"text-align: justify\">As fake news deixaram de ser uma curiosidade online para se tornarem um problema estrutural das democracias, contaminando debates, campanhas eleitorais e decis\u00f5es do quotidiano. A opini\u00e3o p\u00fablica tem-se vindo progressivamente a construir num ecossistema digital dominado por redes sociais e por algoritmos pouco transparentes. As not\u00edcias falsas circulam mais depressa e mais longe do que as verdadeiras porque exploram surpresa, indigna\u00e7\u00e3o e medo.<\/p>\n<p style=\"text-align: justify\">Em muitas plataformas, conte\u00fados falsos propagam-se v\u00e1rias vezes mais r\u00e1pido e t\u00eam maior probabilidade de ser partilhados do que informa\u00e7\u00e3o verificada.<\/p>\n<p style=\"text-align: justify\">Em Portugal, a preocupa\u00e7\u00e3o \u00e9 clara: muitos cidad\u00e3os afirmam estar apreensivos quanto ao que \u00e9 verdadeiro ou falso na internet, associando sobretudo as redes sociais \u00e0 desinforma\u00e7\u00e3o. Esta ansiedade informativa fragiliza a confian\u00e7a nas institui\u00e7\u00f5es, na comunica\u00e7\u00e3o social e at\u00e9 nas conversas entre familiares e amigos, abrindo espa\u00e7o a discursos conspirativos e de \u00f3dio.<\/p>\n<p style=\"text-align: justify\">As redes sociais tornaram-se, para muitos, a principal porta de entrada para a atualidade. Neste palco, a fronteira entre not\u00edcia, opini\u00e3o e publicidade \u00e9 frequentemente difusa, o que facilita a circula\u00e7\u00e3o de conte\u00fados manipulados, fora de contexto ou fabricados para influenciar emo\u00e7\u00f5es e comportamentos. O que vemos online resulta cada vez menos apenas da nossa escolha e cada vez mais de sistemas algor\u00edtmicos desenhados para maximizar cliques, tempo de ecr\u00e3 e intera\u00e7\u00e3o. Estes algoritmos selecionam e recomendam conte\u00fados com base nos nossos dados e comportamentos, criando uma \u201carquitetura invis\u00edvel\u201d que condiciona o nosso contacto com a realidade.<\/p>\n<p style=\"text-align: justify\">Ao privilegiar conte\u00fados emocionais ou polarizadores, esta l\u00f3gica pode amplificar desinforma\u00e7\u00e3o, refor\u00e7ar preconceitos e reduzir o espa\u00e7o da modera\u00e7\u00e3o. Formam-se bolas informativas que criam uma falsa sensa\u00e7\u00e3o de consenso, com cada grupo rodeado por opini\u00f5es iguais \u00e0s suas e convencido de que representa a maioria. Quando a informa\u00e7\u00e3o \u00e9 filtrada por algoritmos e moldada por campanhas de desinforma\u00e7\u00e3o, o processo de forma\u00e7\u00e3o da opini\u00e3o torna-se mais passivo e menos consciente. Em vez de procurarmos ativamente fontes plurais, somos expostos a fluxos cont\u00ednuos que confirmam o que j\u00e1 pensamos, dificultando a escuta de argumentos diferentes ou a mudan\u00e7a de posi\u00e7\u00e3o.<\/p>\n<p style=\"text-align: justify\">Este contexto ajuda a explicar a crescente polariza\u00e7\u00e3o pol\u00edtica, o avan\u00e7o de discursos populistas e a eros\u00e3o da confian\u00e7a na ci\u00eancia, na Uni\u00e3o Europeia e noutras institui\u00e7\u00f5es p\u00fablicas. N\u00e3o se trata apenas de pessoas mal informadas, mas de ecossistemas inteiros em que a verdade perde competitividade face ao conte\u00fado mais viral.<\/p>\n<p style=\"text-align: justify\">A resposta a este desafio passa por colocar a tecnologia ao servi\u00e7o das pessoas e da democracia. A n\u00edvel europeu, iniciativas como o Centro Europeu para a Transpar\u00eancia Algor\u00edtmica e o Observat\u00f3rio Europeu dos Media Digitais procuram escrutinar o funcionamento dos algoritmos, promover a literacia medi\u00e1tica e exigir mais responsabilidade \u00e0s plataformas digitais.<\/p>\n<p style=\"text-align: justify\">Na Regi\u00e3o de Coimbra e de Leiria, o EUROPE DIRECT assume-se como ponte entre estas pol\u00edticas europeias e os cidad\u00e3os, ajudando a compreender o funcionamento das redes sociais, a identificar desinforma\u00e7\u00e3o e a usar o universo digital de forma mais cr\u00edtica e informada. Num tempo em que a opini\u00e3o p\u00fablica pode ser orientada por linhas de c\u00f3digo, defender uma cidadania ativa, exigente e bem informada \u00e9 um dos mais importantes investimentos coletivos que a Europa pode fazer.<\/p>\n<p style=\"text-align: justify\">Convidamos todos a visitar o Europe Direct Regi\u00e3o de Coimbra e de Leiria, nas instala\u00e7\u00f5es da Comunidade Intermunicipal da Regi\u00e3o de Coimbra, para obter informa\u00e7\u00f5es sobre a Uni\u00e3o Europeia e participar ativamente no futuro que estamos a construir juntos.<\/p>\n<h3 style=\"text-align: justify;font-size: 12px\">EUROPE DIRECT &#8211; Regi\u00e3o de Coimbra e de Leiria, in Di\u00e1rio de Coimbra (05\/12\/ 2025)<\/p>\n","protected":false},"excerpt":{"rendered":"<p>As fake news deixaram de ser uma curiosidade online para se tornarem um problema estrutural das democracias, contaminando debates, campanhas eleitorais e decis\u00f5es do quotidiano. A opini\u00e3o p\u00fablica tem-se vindo progressivamente a construir num ecossistema digital dominado por redes sociais e por algoritmos pouco transparentes. As not\u00edcias falsas circulam mais depressa e mais longe do &hellip; <\/p>\n<p class=\"link-more\"><a href=\"https:\/\/wp.omeuimo.pt\/imoexpansao\/eu-apoio-falar-sobre-o-impacto-das-fake-news-o-papel-das-redes-sociais-e-a-influencia-dos-algoritmos-na-formacao-da-opiniao-publica\/\" class=\"more-link\">Continuar a ler <span class=\"screen-reader-text\">&#8220;EU APOIO&#8230; Falar sobre o impacto das fake news, o papel das redes sociais e a influ\u00eancia dos algoritmos na forma\u00e7\u00e3o da opini\u00e3o p\u00fablica.&#8221;<\/span><\/a><\/p>\n","protected":false},"author":2,"featured_media":0,"comment_status":"open","ping_status":"open","sticky":false,"template":"","format":"standard","meta":{"footnotes":""},"categories":[4],"tags":[],"class_list":["post-5190","post","type-post","status-publish","format-standard","hentry","category-diversos"],"yoast_meta":{"yoast_wpseo_title":"","yoast_wpseo_metadesc":"","yoast_wpseo_canonical":""},"_links":{"self":[{"href":"https:\/\/wp.omeuimo.pt\/imoexpansao\/wp-json\/wp\/v2\/posts\/5190","targetHints":{"allow":["GET"]}}],"collection":[{"href":"https:\/\/wp.omeuimo.pt\/imoexpansao\/wp-json\/wp\/v2\/posts"}],"about":[{"href":"https:\/\/wp.omeuimo.pt\/imoexpansao\/wp-json\/wp\/v2\/types\/post"}],"author":[{"embeddable":true,"href":"https:\/\/wp.omeuimo.pt\/imoexpansao\/wp-json\/wp\/v2\/users\/2"}],"replies":[{"embeddable":true,"href":"https:\/\/wp.omeuimo.pt\/imoexpansao\/wp-json\/wp\/v2\/comments?post=5190"}],"version-history":[{"count":4,"href":"https:\/\/wp.omeuimo.pt\/imoexpansao\/wp-json\/wp\/v2\/posts\/5190\/revisions"}],"predecessor-version":[{"id":5194,"href":"https:\/\/wp.omeuimo.pt\/imoexpansao\/wp-json\/wp\/v2\/posts\/5190\/revisions\/5194"}],"wp:attachment":[{"href":"https:\/\/wp.omeuimo.pt\/imoexpansao\/wp-json\/wp\/v2\/media?parent=5190"}],"wp:term":[{"taxonomy":"category","embeddable":true,"href":"https:\/\/wp.omeuimo.pt\/imoexpansao\/wp-json\/wp\/v2\/categories?post=5190"},{"taxonomy":"post_tag","embeddable":true,"href":"https:\/\/wp.omeuimo.pt\/imoexpansao\/wp-json\/wp\/v2\/tags?post=5190"}],"curies":[{"name":"wp","href":"https:\/\/api.w.org\/{rel}","templated":true}]}}