{"id":5252,"date":"2026-02-27T11:24:01","date_gmt":"2026-02-27T11:24:01","guid":{"rendered":"https:\/\/wp.omeuimo.pt\/imoexpansao\/?p=5252"},"modified":"2026-02-27T11:36:44","modified_gmt":"2026-02-27T11:36:44","slug":"%f0%9f%8c%8a-tempestade-kristine-como-recuperar-imoveis-e-a-estabilidade-emocional-apos-a-devastacao","status":"publish","type":"post","link":"https:\/\/wp.omeuimo.pt\/imoexpansao\/%f0%9f%8c%8a-tempestade-kristine-como-recuperar-imoveis-e-a-estabilidade-emocional-apos-a-devastacao\/","title":{"rendered":"&#x1f30a; Tempestade Kristine: Como recuperar im\u00f3veis e a estabilidade emocional ap\u00f3s a devasta\u00e7\u00e3o."},"content":{"rendered":"<p><img loading=\"lazy\" decoding=\"async\" class=\"aligncenter wp-image-5253 size-full\" src=\"https:\/\/wp.omeuimo.pt\/imoexpansao\/wp-content\/uploads\/sites\/3\/2026\/02\/WhatsApp-Image-2026-02-25-at-14.52.18-e1772191352576.jpeg\" alt=\"\" width=\"525\" height=\"525\" \/><\/p>\n<p>A recente tempestade Kristine afetou v\u00e1rias zonas de Portugal, incluindo a regi\u00e3o centro e a Figueira da Foz, deixando marcas n\u00e3o s\u00f3 nos im\u00f3veis, mas tamb\u00e9m nas pessoas.<\/p>\n<p>Quando fen\u00f3menos naturais provocam danos em casas, apartamentos ou edif\u00edcios, o impacto vai al\u00e9m do material.<\/p>\n<h2><span style=\"color: #008000\"><strong>&#x1f3e0; Como recuperar o im\u00f3vel ap\u00f3s a tempestade<\/strong><\/span><\/h2>\n<p>1&#xfe0f;&#x20e3; Avaliar os danos imediatamente<br \/>\nFotografe tudo antes de iniciar limpezas. Isso \u00e9 essencial para seguros.<\/p>\n<p>2&#xfe0f;&#x20e3; Contactar o seguro<br \/>\nVerifique coberturas e prazos de participa\u00e7\u00e3o.<\/p>\n<p>3&#xfe0f;&#x20e3; Avalia\u00e7\u00e3o estrutural<br \/>\nEm casos de infiltra\u00e7\u00f5es ou danos mais graves, \u00e9 importante consultar t\u00e9cnicos especializados.<\/p>\n<p>4&#xfe0f;&#x20e3; Preven\u00e7\u00e3o futura<br \/>\nRefor\u00e7o de janelas, revis\u00e3o de telhados e sistemas de drenagem ajudam a evitar problemas futuros.<\/p>\n<p>Uma imobili\u00e1ria experiente na Figueira da Foz pode tamb\u00e9m orientar propriet\u00e1rios que ponderam vender ap\u00f3s danos ou investir em reabilita\u00e7\u00e3o.<\/p>\n<h2><span style=\"color: #008000\"><strong>&#x1f499; Recupera\u00e7\u00e3o psicol\u00f3gica ap\u00f3s uma tempestade<\/strong><\/span><\/h2>\n<p>Eventos extremos geram:<\/p>\n<ul>\n<li>Ansiedade<\/li>\n<li>Sensa\u00e7\u00e3o de perda<\/li>\n<li>Medo de repeti\u00e7\u00e3o<\/li>\n<li>Inseguran\u00e7a<\/li>\n<\/ul>\n<p>\u00c9 importante:<\/p>\n<ul>\n<li>Falar sobre o que sentiu<\/li>\n<li>Pedir ajuda se necess\u00e1rio<\/li>\n<li>N\u00e3o minimizar o impacto emocional<\/li>\n<li>Recuperar rotinas gradualmente<\/li>\n<\/ul>\n<p>A casa \u00e9 o nosso porto seguro. Quando esse espa\u00e7o \u00e9 afetado, a nossa estabilidade tamb\u00e9m pode ser abalada.<\/p>\n<h3><span style=\"color: #008000\"><strong>A import\u00e2ncia do apoio local<\/strong><\/span><\/h3>\n<p>A Imoexpans\u00e3o Imobili\u00e1ria, com 34 anos de experi\u00eancia na Figueira da Foz, est\u00e1 pr\u00f3xima da comunidade e dispon\u00edvel para orientar propriet\u00e1rios em momentos de reconstru\u00e7\u00e3o, venda ou investimento.<\/p>\n<p>Mais do que im\u00f3veis, trabalhamos com pessoas.<\/p>\n<p>&#8230;IA.<\/p>\n","protected":false},"excerpt":{"rendered":"<p>A recente tempestade Kristine afetou v\u00e1rias zonas de Portugal, incluindo a regi\u00e3o centro e a Figueira da Foz, deixando marcas n\u00e3o s\u00f3 nos im\u00f3veis, mas tamb\u00e9m nas pessoas. Quando fen\u00f3menos naturais provocam danos em casas, apartamentos ou edif\u00edcios, o impacto vai al\u00e9m do material. &#x1f3e0; Como recuperar o im\u00f3vel ap\u00f3s a tempestade 1&#xfe0f;&#x20e3; Avaliar os &hellip; <\/p>\n<p class=\"link-more\"><a href=\"https:\/\/wp.omeuimo.pt\/imoexpansao\/%f0%9f%8c%8a-tempestade-kristine-como-recuperar-imoveis-e-a-estabilidade-emocional-apos-a-devastacao\/\" class=\"more-link\">Continuar a ler <span class=\"screen-reader-text\">&#8220;&#x1f30a; Tempestade Kristine: Como recuperar im\u00f3veis e a estabilidade emocional ap\u00f3s a devasta\u00e7\u00e3o.&#8221;<\/span><\/a><\/p>\n","protected":false},"author":2,"featured_media":0,"comment_status":"open","ping_status":"open","sticky":false,"template":"","format":"standard","meta":{"footnotes":""},"categories":[4],"tags":[],"class_list":["post-5252","post","type-post","status-publish","format-standard","hentry","category-diversos"],"yoast_meta":{"yoast_wpseo_title":"","yoast_wpseo_metadesc":"","yoast_wpseo_canonical":""},"_links":{"self":[{"href":"https:\/\/wp.omeuimo.pt\/imoexpansao\/wp-json\/wp\/v2\/posts\/5252","targetHints":{"allow":["GET"]}}],"collection":[{"href":"https:\/\/wp.omeuimo.pt\/imoexpansao\/wp-json\/wp\/v2\/posts"}],"about":[{"href":"https:\/\/wp.omeuimo.pt\/imoexpansao\/wp-json\/wp\/v2\/types\/post"}],"author":[{"embeddable":true,"href":"https:\/\/wp.omeuimo.pt\/imoexpansao\/wp-json\/wp\/v2\/users\/2"}],"replies":[{"embeddable":true,"href":"https:\/\/wp.omeuimo.pt\/imoexpansao\/wp-json\/wp\/v2\/comments?post=5252"}],"version-history":[{"count":4,"href":"https:\/\/wp.omeuimo.pt\/imoexpansao\/wp-json\/wp\/v2\/posts\/5252\/revisions"}],"predecessor-version":[{"id":5257,"href":"https:\/\/wp.omeuimo.pt\/imoexpansao\/wp-json\/wp\/v2\/posts\/5252\/revisions\/5257"}],"wp:attachment":[{"href":"https:\/\/wp.omeuimo.pt\/imoexpansao\/wp-json\/wp\/v2\/media?parent=5252"}],"wp:term":[{"taxonomy":"category","embeddable":true,"href":"https:\/\/wp.omeuimo.pt\/imoexpansao\/wp-json\/wp\/v2\/categories?post=5252"},{"taxonomy":"post_tag","embeddable":true,"href":"https:\/\/wp.omeuimo.pt\/imoexpansao\/wp-json\/wp\/v2\/tags?post=5252"}],"curies":[{"name":"wp","href":"https:\/\/api.w.org\/{rel}","templated":true}]}}